{"id":465,"date":"2015-05-27T07:00:17","date_gmt":"2015-05-27T05:00:17","guid":{"rendered":"http:\/\/blogs.diariovasco.com\/trampolin-vida\/?p=465"},"modified":"2015-05-27T07:00:17","modified_gmt":"2015-05-27T05:00:17","slug":"poner-una-camara-a-tus-hijos","status":"publish","type":"post","link":"https:\/\/blogs.diariovasco.com\/trampolin-vida\/2015\/05\/27\/poner-una-camara-a-tus-hijos\/","title":{"rendered":"Poner una C\u00e1mara a tus Hijos"},"content":{"rendered":"<p>Durante los \u00faltimos d\u00edas, hemos podido ver en las redes, un v\u00eddeo que unos padres han colgado sobre lo que su hijo hac\u00eda en la ducha. Reconozco, que lo vi por la curiosidad que me cre\u00f3 qu\u00e9 es lo que pod\u00eda significar el v\u00eddeo, y cuando descubr\u00ed lo que era, no pude m\u00e1s que parar de verlo, abochornada e indignada por lo que ocurr\u00eda. No es que el v\u00eddeo tuviera im\u00e1genes obscenas, ni nada parecido del chaval, sino que lo que<a href=\"\/trampolin-vida\/wp-content\/uploads\/sites\/62\/2015\/05\/hqdefault.jpg\"><img loading=\"lazy\" class=\"alignleft  wp-image-466\" style=\"width: 172px; height: 148px;\" title=\"hqdefault\" src=\"\/trampolin-vida\/wp-content\/uploads\/sites\/62\/2015\/05\/hqdefault.jpg\" alt=\"\" width=\"300\" height=\"225\" srcset=\"https:\/\/static-blogs.diariovasco.com\/wp-content\/uploads\/sites\/62\/2015\/05\/hqdefault.jpg 480w, https:\/\/static-blogs.diariovasco.com\/wp-content\/uploads\/sites\/62\/2015\/05\/hqdefault-300x225.jpg 300w\" sizes=\"(max-width: 300px) 100vw, 300px\" \/><\/a> me indign\u00f3, fue la situaci\u00f3n en cuesti\u00f3n, que unos padres fueran capaces de poner una <strong>c\u00e1mara<\/strong> en la ducha de su hijo, para despu\u00e9s colgarla en la red cuando descubrieron lo que hac\u00eda.<\/p>\n<p>Parece ser, que el chaval, de unos doce a\u00f1os, tardaba mucho en ducharse, y a sus padres, no se les ocurri\u00f3 una idea mejor que poner una c\u00e1mara en la ducha para ver lo que su hijo hac\u00eda durante ese tiempo. No quiero ni imaginar, lo que pensaban que hac\u00eda para llegar a ponerle la c\u00e1mara, pero el caso es que descubrieron que se dedicaba a cantar y bailar. Como parece que les hizo gracia, tomaron la decisi\u00f3n de colgar el v\u00eddeo para que todos lo vi\u00e9ramos. Sinceramente, me parece una aberraci\u00f3n por partida doble, por una parte, que fueran capaces de colocar la c\u00e1mara para luego ponerse a ver la proyecci\u00f3n, y por otra, creer que lo pod\u00edan compartir con todos los dem\u00e1s. Durante estos d\u00edas, me he estado imaginando a la pareja en el momento en que decidieron ir a por un sistema de grabaci\u00f3n para instalarlo, y sobre todo, que despu\u00e9s decidieran sentarse para visualizarlo como si se tratara de una pel\u00edcula. No s\u00e9 si se trata de un montaje, pero aun<a href=\"\/trampolin-vida\/wp-content\/uploads\/sites\/62\/2015\/05\/imagesGKSRL381.jpg\"><img loading=\"lazy\" class=\"alignright  wp-image-467\" title=\"imagesGKSRL381\" src=\"\/trampolin-vida\/wp-content\/uploads\/sites\/62\/2015\/05\/imagesGKSRL381.jpg\" alt=\"\" width=\"300\" height=\"150\" srcset=\"https:\/\/static-blogs.diariovasco.com\/wp-content\/uploads\/sites\/62\/2015\/05\/imagesGKSRL381.jpg 317w, https:\/\/static-blogs.diariovasco.com\/wp-content\/uploads\/sites\/62\/2015\/05\/imagesGKSRL381-300x150.jpg 300w\" sizes=\"(max-width: 300px) 100vw, 300px\" \/><\/a>que as\u00ed fuera, \u00bfno deber\u00eda haber una ley que protegiera al menor de que sus padres hagan algo parecido? \u00bfC\u00f3mo se puede violar la <strong>intimidad<\/strong> de un hijo de esta forma? Se supone, que los padres debemos <strong>proteger<\/strong> a nuestros hijos, y no exponerles de forma tan vergonzante ante el mundo entero. Este v\u00eddeo se ha convertido en noticia, vi\u00e9ndolo casi un mill\u00f3n de personas en poco tiempo. Parece ser, que el padre es fot\u00f3grafo profesional, y que no es la primera vez que graba las reacciones de su hijo para luego publicarlas. Creo que una cosa es utilizar diferentes recursos para promocionarse profesionalmente, y otra muy diferente, utilizar a tus propios hijos en algo que les puede causar verg\u00fcenza, e incluso perjudicar en un futuro. Por favor, aprendamos a ser m\u00e1s \u00e9ticos con nuestros hijos en las redes.<\/p>\n<!-- AddThis Advanced Settings generic via filter on the_content --><!-- AddThis Share Buttons generic via filter on the_content -->","protected":false},"excerpt":{"rendered":"<p>Durante los \u00faltimos d\u00edas, hemos podido ver en las redes, un v\u00eddeo que unos padres han colgado sobre lo que su hijo hac\u00eda en la ducha. Reconozco, que lo vi por la curiosidad que me cre\u00f3 qu\u00e9 es lo que pod\u00eda significar el v\u00eddeo, y cuando descubr\u00ed lo que era, no pude m\u00e1s que parar [&hellip;]<!-- AddThis Advanced Settings generic via filter on get_the_excerpt --><!-- AddThis Share Buttons generic via filter on get_the_excerpt --><\/p>\n","protected":false},"author":93,"featured_media":0,"comment_status":"open","ping_status":"closed","sticky":false,"template":"","format":"standard","meta":[],"categories":[2],"tags":[],"_links":{"self":[{"href":"https:\/\/blogs.diariovasco.com\/trampolin-vida\/wp-json\/wp\/v2\/posts\/465"}],"collection":[{"href":"https:\/\/blogs.diariovasco.com\/trampolin-vida\/wp-json\/wp\/v2\/posts"}],"about":[{"href":"https:\/\/blogs.diariovasco.com\/trampolin-vida\/wp-json\/wp\/v2\/types\/post"}],"author":[{"embeddable":true,"href":"https:\/\/blogs.diariovasco.com\/trampolin-vida\/wp-json\/wp\/v2\/users\/93"}],"replies":[{"embeddable":true,"href":"https:\/\/blogs.diariovasco.com\/trampolin-vida\/wp-json\/wp\/v2\/comments?post=465"}],"version-history":[{"count":0,"href":"https:\/\/blogs.diariovasco.com\/trampolin-vida\/wp-json\/wp\/v2\/posts\/465\/revisions"}],"wp:attachment":[{"href":"https:\/\/blogs.diariovasco.com\/trampolin-vida\/wp-json\/wp\/v2\/media?parent=465"}],"wp:term":[{"taxonomy":"category","embeddable":true,"href":"https:\/\/blogs.diariovasco.com\/trampolin-vida\/wp-json\/wp\/v2\/categories?post=465"},{"taxonomy":"post_tag","embeddable":true,"href":"https:\/\/blogs.diariovasco.com\/trampolin-vida\/wp-json\/wp\/v2\/tags?post=465"}],"curies":[{"name":"wp","href":"https:\/\/api.w.org\/{rel}","templated":true}]}}