{"id":469,"date":"2015-06-03T07:00:17","date_gmt":"2015-06-03T05:00:17","guid":{"rendered":"http:\/\/blogs.diariovasco.com\/trampolin-vida\/?p=469"},"modified":"2015-06-03T07:00:17","modified_gmt":"2015-06-03T05:00:17","slug":"pitar-en-un-partido","status":"publish","type":"post","link":"https:\/\/blogs.diariovasco.com\/trampolin-vida\/2015\/06\/03\/pitar-en-un-partido\/","title":{"rendered":"Pitar en un Partido"},"content":{"rendered":"<p><a href=\"\/trampolin-vida\/wp-content\/uploads\/sites\/62\/2015\/06\/imagesPVSH2B6P.jpg\"><img loading=\"lazy\" class=\"alignleft size-full wp-image-470\" title=\"imagesPVSH2B6P\" src=\"\/trampolin-vida\/wp-content\/uploads\/sites\/62\/2015\/06\/imagesPVSH2B6P.jpg\" alt=\"\" width=\"287\" height=\"176\" \/><\/a>Hace unos d\u00edas se ha producido una gran pitada en una final de f\u00fatbol, teniendo mucha repercusi\u00f3n a todos los niveles. No quiero entrar sobre quien tiene raz\u00f3n, si los clubs deber\u00edan ser sancionados o no, ni si deber\u00edan legislar para que en un futuro no vuelva a ocurrir, simplemente quiero trasladar una cuesti\u00f3n: \u00bfEs necesario manifestar lo que pensamos en todos los lugares?<\/p>\n<p>Creo que todo el mundo tiene derecho a manifestar lo que piensa, pero como he dicho en otras ocasiones, teniendo en cuenta lo que la otra persona va a sentir cuando esta se expresa. Que decir las cosas a la cara no sirve de nada si el de enfrente no quiere escuchar nuestra opini\u00f3n, y que si no nos la piden, m\u00e1s vale no decirla. \u00bfQu\u00e9 nos hace suponer que nuestros pensamientos son tan importantes como para ir propag\u00e1ndolos por el mundo sin medir las consecuencias?<\/p>\n<p>No creo que s\u00f3lo se trate de un tema de nacionalismos, tal y como lo quieren vender, sino de respeto. Si se acude a una competici\u00f3n que representa a una instituci\u00f3n, creo que es considerado mantener respeto hacia esa persona, y no hacerle pasar por el trance de tener que escuchar una pitada. Quiero aclarar que no soy mon\u00e1rquica, pero tampoco ir\u00eda a una recepci\u00f3n real a insultar al rey, por lo que considero una falta de respeto lo que el otro d\u00eda pas\u00f3.<a href=\"\/trampolin-vida\/wp-content\/uploads\/sites\/62\/2015\/06\/pitar.jpg\"><img loading=\"lazy\" class=\"alignright  wp-image-471\" title=\"pitar\" src=\"\/trampolin-vida\/wp-content\/uploads\/sites\/62\/2015\/06\/pitar.jpg\" alt=\"\" width=\"300\" height=\"154\" srcset=\"https:\/\/static-blogs.diariovasco.com\/wp-content\/uploads\/sites\/62\/2015\/06\/pitar.jpg 312w, https:\/\/static-blogs.diariovasco.com\/wp-content\/uploads\/sites\/62\/2015\/06\/pitar-300x155.jpg 300w\" sizes=\"(max-width: 300px) 100vw, 300px\" \/><\/a><\/p>\n<p>Pero, a\u00fan me pareci\u00f3 m\u00e1s grave un detalle que vi en uno de los dirigentes que acompa\u00f1aba al rey en el palco, y es la media sonrisa que manten\u00eda mientras la pitada ocurr\u00eda. No hace falta ser un experto en comunicaci\u00f3n no verbal para darse cuenta que le estaba divirtiendo el hecho en cuesti\u00f3n, algo que a mi parecer, es m\u00e1s grave que el hecho de que ochenta mil personas piten, ya que este es un representante del pueblo, y si ha accedido a acudir al palco, deber\u00eda saber comportarse de forma neutra. Por supuesto, tiene derecho a plantarse y no acudir, pero quiz\u00e1 no crey\u00f3 que esta decisi\u00f3n era la acertada. De todos modos, sobre todo, lo que me ha extra\u00f1ado era no haber o\u00eddo ni le\u00eddo comentarios al respecto, cuando se ha hablado tanto de este tema.<\/p>\n<!-- AddThis Advanced Settings generic via filter on the_content --><!-- AddThis Share Buttons generic via filter on the_content -->","protected":false},"excerpt":{"rendered":"<p>Hace unos d\u00edas se ha producido una gran pitada en una final de f\u00fatbol, teniendo mucha repercusi\u00f3n a todos los niveles. No quiero entrar sobre quien tiene raz\u00f3n, si los clubs deber\u00edan ser sancionados o no, ni si deber\u00edan legislar para que en un futuro no vuelva a ocurrir, simplemente quiero trasladar una cuesti\u00f3n: \u00bfEs [&hellip;]<!-- AddThis Advanced Settings generic via filter on get_the_excerpt --><!-- AddThis Share Buttons generic via filter on get_the_excerpt --><\/p>\n","protected":false},"author":93,"featured_media":0,"comment_status":"open","ping_status":"closed","sticky":false,"template":"","format":"standard","meta":[],"categories":[2],"tags":[],"_links":{"self":[{"href":"https:\/\/blogs.diariovasco.com\/trampolin-vida\/wp-json\/wp\/v2\/posts\/469"}],"collection":[{"href":"https:\/\/blogs.diariovasco.com\/trampolin-vida\/wp-json\/wp\/v2\/posts"}],"about":[{"href":"https:\/\/blogs.diariovasco.com\/trampolin-vida\/wp-json\/wp\/v2\/types\/post"}],"author":[{"embeddable":true,"href":"https:\/\/blogs.diariovasco.com\/trampolin-vida\/wp-json\/wp\/v2\/users\/93"}],"replies":[{"embeddable":true,"href":"https:\/\/blogs.diariovasco.com\/trampolin-vida\/wp-json\/wp\/v2\/comments?post=469"}],"version-history":[{"count":0,"href":"https:\/\/blogs.diariovasco.com\/trampolin-vida\/wp-json\/wp\/v2\/posts\/469\/revisions"}],"wp:attachment":[{"href":"https:\/\/blogs.diariovasco.com\/trampolin-vida\/wp-json\/wp\/v2\/media?parent=469"}],"wp:term":[{"taxonomy":"category","embeddable":true,"href":"https:\/\/blogs.diariovasco.com\/trampolin-vida\/wp-json\/wp\/v2\/categories?post=469"},{"taxonomy":"post_tag","embeddable":true,"href":"https:\/\/blogs.diariovasco.com\/trampolin-vida\/wp-json\/wp\/v2\/tags?post=469"}],"curies":[{"name":"wp","href":"https:\/\/api.w.org\/{rel}","templated":true}]}}