{"id":483,"date":"2015-06-17T07:00:04","date_gmt":"2015-06-17T05:00:04","guid":{"rendered":"http:\/\/blogs.diariovasco.com\/trampolin-vida\/?p=483"},"modified":"2015-06-17T07:00:04","modified_gmt":"2015-06-17T05:00:04","slug":"estas-gorda","status":"publish","type":"post","link":"https:\/\/blogs.diariovasco.com\/trampolin-vida\/2015\/06\/17\/estas-gorda\/","title":{"rendered":"\u00bfEst\u00e1s gorda?"},"content":{"rendered":"<p><a href=\"\/trampolin-vida\/wp-content\/uploads\/sites\/62\/2015\/06\/espejo-destca2f7-49b2-a76e-9170df3deb15-365xXx801.jpg\"><img loading=\"lazy\" class=\"alignleft size-medium wp-image-484\" title=\"espejo-destca2f7-49b2-a76e-9170df3deb15-365xXx80\" src=\"\/trampolin-vida\/wp-content\/uploads\/sites\/62\/2015\/06\/espejo-destca2f7-49b2-a76e-9170df3deb15-365xXx801.jpg\" alt=\"\" width=\"300\" height=\"222\" srcset=\"https:\/\/static-blogs.diariovasco.com\/wp-content\/uploads\/sites\/62\/2015\/06\/espejo-destca2f7-49b2-a76e-9170df3deb15-365xXx801.jpg 365w, https:\/\/static-blogs.diariovasco.com\/wp-content\/uploads\/sites\/62\/2015\/06\/espejo-destca2f7-49b2-a76e-9170df3deb15-365xXx801-300x223.jpg 300w\" sizes=\"(max-width: 300px) 100vw, 300px\" \/><\/a>Hace unos d\u00edas un famoso presentador de televisi\u00f3n le hac\u00eda esta pregunta a otra famosa colaboradora y presentadora de televisi\u00f3n en una entrevista. Ser\u00e1 porque se supone que este es un tipo transgresor y se le perdona todo, porque si no que me diga alguien como le sienta la pregunta en cuesti\u00f3n a cualquiera de nosotros. Me da lo mismo, hombre o mujer, creo que no me equivoco si digo que a la mayor\u00eda de nosotros nos sentar\u00eda fatal que nos la hicieran, y m\u00e1s en un medio de comunicaci\u00f3n a nivel nacional.<\/p>\n<p>La cuesti\u00f3n, es si de verdad esta pregunta es tan importante como para hacerla en lo que se supone es una conversaci\u00f3n interesante. Imagino que cuando alguien se dedica a un medio como la televisi\u00f3n la imagen es importante, pero \u00bfesto indica tener una talla X, o tener la necesidad de justificar el aspecto f\u00edsico de una misma? Estamos hartos de o\u00edr que estos temas hay que tratarlos con mucha delicadeza ya que hay enfermedades relacionadas con el peso que cada vez afectan a m\u00e1s j\u00f3venes, y desde edades m\u00e1s tempranas. Sin embargo, no pasa nada porque sea tema de debate el aspecto f\u00edsico de una presentadora y que tenga que ser constantemente cuestionada por no aparecer en la pantalla como una s\u00edlfide. Si de verdad, queremos normalizar una talla normal de mujer, \u00bfno deber\u00edamos dejar de hablar de una presentadora, actriz o cualquier persona p\u00fablica porque no siga unos c\u00e1nones de belleza tan rigu<a href=\"\/trampolin-vida\/wp-content\/uploads\/sites\/62\/2015\/06\/iscb1.jpg\"><img loading=\"lazy\" class=\"alignright  wp-image-485\" title=\"iscb\" src=\"\/trampolin-vida\/wp-content\/uploads\/sites\/62\/2015\/06\/iscb1.jpg\" alt=\"\" width=\"300\" height=\"112\" srcset=\"https:\/\/static-blogs.diariovasco.com\/wp-content\/uploads\/sites\/62\/2015\/06\/iscb1.jpg 1600w, https:\/\/static-blogs.diariovasco.com\/wp-content\/uploads\/sites\/62\/2015\/06\/iscb1-300x113.jpg 300w, https:\/\/static-blogs.diariovasco.com\/wp-content\/uploads\/sites\/62\/2015\/06\/iscb1-768x288.jpg 768w, https:\/\/static-blogs.diariovasco.com\/wp-content\/uploads\/sites\/62\/2015\/06\/iscb1-1024x384.jpg 1024w\" sizes=\"(max-width: 300px) 100vw, 300px\" \/><\/a>rosos? \u00bfNadie ha pensado nunca tras ver un programa de televisi\u00f3n o una pel\u00edcula, que es mucha casualidad que todas las chicas que aparecen en la pantalla tengan casi la misma talla? \u00bfEs as\u00ed c\u00f3mo quieren que no nos sintamos mal cuando nos miramos al espejo y, claro est\u00e1, sin querer, comparamos? O lo que es peor, porque una ya tiene unos a\u00f1os y sabe que lo importante de la vida no se basa en su aspecto f\u00edsico, cuando se lo tiene que explicar a un\/una adolescente que no se ve bien en el maldito espejo, y esto, es algo muy normal con esta edad, sin importar la talla. Pretendemos que los j\u00f3venes con todos sus altibajos y hormonas danzando sean m\u00e1s sensatos que los directores de casting por ponernos modelos de personas que no se corresponden con la realidad.<\/p>\n<!-- AddThis Advanced Settings generic via filter on the_content --><!-- AddThis Share Buttons generic via filter on the_content -->","protected":false},"excerpt":{"rendered":"<p>Hace unos d\u00edas un famoso presentador de televisi\u00f3n le hac\u00eda esta pregunta a otra famosa colaboradora y presentadora de televisi\u00f3n en una entrevista. Ser\u00e1 porque se supone que este es un tipo transgresor y se le perdona todo, porque si no que me diga alguien como le sienta la pregunta en cuesti\u00f3n a cualquiera de [&hellip;]<!-- AddThis Advanced Settings generic via filter on get_the_excerpt --><!-- AddThis Share Buttons generic via filter on get_the_excerpt --><\/p>\n","protected":false},"author":93,"featured_media":0,"comment_status":"open","ping_status":"closed","sticky":false,"template":"","format":"standard","meta":[],"categories":[2],"tags":[],"_links":{"self":[{"href":"https:\/\/blogs.diariovasco.com\/trampolin-vida\/wp-json\/wp\/v2\/posts\/483"}],"collection":[{"href":"https:\/\/blogs.diariovasco.com\/trampolin-vida\/wp-json\/wp\/v2\/posts"}],"about":[{"href":"https:\/\/blogs.diariovasco.com\/trampolin-vida\/wp-json\/wp\/v2\/types\/post"}],"author":[{"embeddable":true,"href":"https:\/\/blogs.diariovasco.com\/trampolin-vida\/wp-json\/wp\/v2\/users\/93"}],"replies":[{"embeddable":true,"href":"https:\/\/blogs.diariovasco.com\/trampolin-vida\/wp-json\/wp\/v2\/comments?post=483"}],"version-history":[{"count":0,"href":"https:\/\/blogs.diariovasco.com\/trampolin-vida\/wp-json\/wp\/v2\/posts\/483\/revisions"}],"wp:attachment":[{"href":"https:\/\/blogs.diariovasco.com\/trampolin-vida\/wp-json\/wp\/v2\/media?parent=483"}],"wp:term":[{"taxonomy":"category","embeddable":true,"href":"https:\/\/blogs.diariovasco.com\/trampolin-vida\/wp-json\/wp\/v2\/categories?post=483"},{"taxonomy":"post_tag","embeddable":true,"href":"https:\/\/blogs.diariovasco.com\/trampolin-vida\/wp-json\/wp\/v2\/tags?post=483"}],"curies":[{"name":"wp","href":"https:\/\/api.w.org\/{rel}","templated":true}]}}