{"id":487,"date":"2015-06-24T07:00:32","date_gmt":"2015-06-24T05:00:32","guid":{"rendered":"http:\/\/blogs.diariovasco.com\/trampolin-vida\/?p=487"},"modified":"2015-06-24T07:00:32","modified_gmt":"2015-06-24T05:00:32","slug":"me-han-robado","status":"publish","type":"post","link":"https:\/\/blogs.diariovasco.com\/trampolin-vida\/2015\/06\/24\/me-han-robado\/","title":{"rendered":"Me han robado"},"content":{"rendered":"<p>Hace tres d\u00edas, tras pasar todo el d\u00eda en casa, sal\u00ed a dar un paseo con mi pareja, momento, en el que unos <strong>ladrones<\/strong> aprovecharon para entrar a plena luz del d\u00eda, a robar en casa. Me han quitado algo muy valioso para mi, lleno de recuerdos y de sentimientos, y adem\u00e1s de un gran valor econ\u00f3mico. Tambi\u00e9n se han llevado el ordenador y el disco duro, con lo que el trabajo de los \u00faltimos dos a\u00f1os me ha desaparecido completamente. Como las leyes de Murphy se cumplen, ese d\u00eda tambi\u00e9n ten\u00eda en casa una cantidad de dinero que no suelo tener, por lo que en mi caso, han tenido pleno al gordo.<a href=\"\/trampolin-vida\/wp-content\/uploads\/sites\/62\/2015\/06\/descarga1.jpg\"><img loading=\"lazy\" class=\"alignleft size-full wp-image-490\" title=\"descarga\" src=\"\/trampolin-vida\/wp-content\/uploads\/sites\/62\/2015\/06\/descarga1.jpg\" alt=\"\" width=\"275\" height=\"183\" \/><\/a><\/p>\n<p>Reconozco que llevo unos d\u00edas en shock. Siempre he sido una persona muy optimista, que no me gusta mirar atr\u00e1s y que creo que la mejor forma de solucionar los conflictos es avanzando y no dejar que las malas circunstancias se apoderen de nosotros. Pero, no puedo evitar llamarme \u201ctonta\u201d por c\u00f3mo han ocurrido las cosas. S\u00e9 que no es mi culpa, los \u00fanicos culpables son los que roban, los que est\u00e1n esperando a que unas personas trabajen y ahorren para llegar y llev\u00e1rselo todo. Sin embargo, la sensaci\u00f3n de sentirme apaleada <strong>emocionalmente<\/strong> me est\u00e1 costando quit\u00e1rmela, de saber que he perdido ciertos recuerdos para siempre, y lo que es peor, la sensaci\u00f3n de que han allanado mi casa, mi hogar y nuestra privacidad.<\/p>\n<div>\n<p><a href=\"\/trampolin-vida\/wp-content\/uploads\/sites\/62\/2015\/06\/images.jpg\"><img loading=\"lazy\" class=\"alignright size-full wp-image-489\" title=\"images\" src=\"\/trampolin-vida\/wp-content\/uploads\/sites\/62\/2015\/06\/images.jpg\" alt=\"\" width=\"290\" height=\"174\" \/><\/a><\/p>\n<p>Las personas con las que he tenido<\/p>\n<p>que hablar, me consuelan dici\u00e9ndome que pod\u00eda haber sido peor, que pod\u00edamos haber estado dentro y nos agredieran, o situaciones m\u00e1s graves. Pero, esto no me termina de consolar, me siento apaleada, y puede que suene muy fuerte, o que me est\u00e9 llevando por la \u201cterribilitis\u201d, pero es como me siento, sin fuerza y emocionalmente afectada. De hecho, desde que ocurri\u00f3 me duelen los ojos, el est\u00f3mago y se me cae el pelo. Me he prometido a m\u00ed misma, y a mi familia, que no voy a dejar que este hecho afecte m\u00e1s all\u00e1 del tiempo que necesito para recuperar la normalidad. Por lo que he o\u00eddo, y en estos \u00faltimos d\u00edas han sido muchas las historias parecidas a la nuestra, es muy normal el estado de \u00e1nimo por el que estoy pasando, por este motivo, quiero compartirlo y transmitir la rabia que siento hacia las personas que roban como medio de vida, a la vez, que quiero expresar mi fe en el ser humano, porque si algo deseo, es que no me quiten mi <strong>confianza<\/strong> en las personas.<\/p>\n<\/div>\n<!-- AddThis Advanced Settings generic via filter on the_content --><!-- AddThis Share Buttons generic via filter on the_content -->","protected":false},"excerpt":{"rendered":"<p>Hace tres d\u00edas, tras pasar todo el d\u00eda en casa, sal\u00ed a dar un paseo con mi pareja, momento, en el que unos ladrones aprovecharon para entrar a plena luz del d\u00eda, a robar en casa. Me han quitado algo muy valioso para mi, lleno de recuerdos y de sentimientos, y adem\u00e1s de un gran [&hellip;]<!-- AddThis Advanced Settings generic via filter on get_the_excerpt --><!-- AddThis Share Buttons generic via filter on get_the_excerpt --><\/p>\n","protected":false},"author":93,"featured_media":0,"comment_status":"open","ping_status":"closed","sticky":false,"template":"","format":"standard","meta":[],"categories":[2],"tags":[],"_links":{"self":[{"href":"https:\/\/blogs.diariovasco.com\/trampolin-vida\/wp-json\/wp\/v2\/posts\/487"}],"collection":[{"href":"https:\/\/blogs.diariovasco.com\/trampolin-vida\/wp-json\/wp\/v2\/posts"}],"about":[{"href":"https:\/\/blogs.diariovasco.com\/trampolin-vida\/wp-json\/wp\/v2\/types\/post"}],"author":[{"embeddable":true,"href":"https:\/\/blogs.diariovasco.com\/trampolin-vida\/wp-json\/wp\/v2\/users\/93"}],"replies":[{"embeddable":true,"href":"https:\/\/blogs.diariovasco.com\/trampolin-vida\/wp-json\/wp\/v2\/comments?post=487"}],"version-history":[{"count":0,"href":"https:\/\/blogs.diariovasco.com\/trampolin-vida\/wp-json\/wp\/v2\/posts\/487\/revisions"}],"wp:attachment":[{"href":"https:\/\/blogs.diariovasco.com\/trampolin-vida\/wp-json\/wp\/v2\/media?parent=487"}],"wp:term":[{"taxonomy":"category","embeddable":true,"href":"https:\/\/blogs.diariovasco.com\/trampolin-vida\/wp-json\/wp\/v2\/categories?post=487"},{"taxonomy":"post_tag","embeddable":true,"href":"https:\/\/blogs.diariovasco.com\/trampolin-vida\/wp-json\/wp\/v2\/tags?post=487"}],"curies":[{"name":"wp","href":"https:\/\/api.w.org\/{rel}","templated":true}]}}