{"id":493,"date":"2015-07-01T07:00:27","date_gmt":"2015-07-01T05:00:27","guid":{"rendered":"http:\/\/blogs.diariovasco.com\/trampolin-vida\/?p=493"},"modified":"2015-07-01T07:00:27","modified_gmt":"2015-07-01T05:00:27","slug":"cuanto-tiempo-necesito-para-superarlo","status":"publish","type":"post","link":"https:\/\/blogs.diariovasco.com\/trampolin-vida\/2015\/07\/01\/cuanto-tiempo-necesito-para-superarlo\/","title":{"rendered":"\u00bfCu\u00e1nto tiempo necesito para superarlo?"},"content":{"rendered":"<p>Hace una semana os hablaba de un suceso que me ha causado un disgusto muy grande y del que me est\u00e1 costando sobreponerme. Soy una mujer fuerte, no tengo dudas de ello, pero es verdad, que el <strong>\u201cbofet\u00f3n\u201d<\/strong> emocional y f\u00edsico que me produjo este hecho fue tan grande, que me est\u00e1 costando superarlo. Adem\u00e1s, cuando digo que tambi\u00e9n me afecto f\u00edsicamente, se debe a que el tercer d\u00eda me levant\u00e9 totalmente coja y con mucho dolor de espalda. Curiosamente, este fin de semana he le\u00eddo que las emociones que se somatizan en dolor, y se focalizan en la parte inferior de la espalda se deben a problemas econ\u00f3micos, y entiendo que un robo, supone al menos, un trastorno econ\u00f3mico.<a href=\"\/trampolin-vida\/wp-content\/uploads\/sites\/62\/2015\/06\/tratamiento-para-la-ciatica21.jpg\"><img loading=\"lazy\" class=\"alignleft size-medium wp-image-496\" title=\"tratamiento-para-la-ciatica2\" src=\"\/trampolin-vida\/wp-content\/uploads\/sites\/62\/2015\/06\/tratamiento-para-la-ciatica21.jpg\" alt=\"\" width=\"300\" height=\"223\" srcset=\"https:\/\/static-blogs.diariovasco.com\/wp-content\/uploads\/sites\/62\/2015\/06\/tratamiento-para-la-ciatica21.jpg 630w, https:\/\/static-blogs.diariovasco.com\/wp-content\/uploads\/sites\/62\/2015\/06\/tratamiento-para-la-ciatica21-300x223.jpg 300w\" sizes=\"(max-width: 300px) 100vw, 300px\" \/><\/a><\/p>\n<p>Casi he terminado los tr\u00e1mites que requieren un suceso como este, y como tengo claro que se han llevado mucho, pero que mi <strong>fuerza<\/strong> sigue estando conmigo, he decidido que ya ha pasado el tiempo de estar mal. Imagino que tendr\u00e9 altibajos, que me va a suponer mucho esfuerzo rehacer todo el trabajo de los dos \u00faltimos a\u00f1os que se han llevado, y que se me ir\u00e1n los ojos cuando vea en otras personas cosas parecidas a las que me han quitado, pero como he dicho, mi fuerza sigue presente, y cuento con el apoyo de los m\u00edos, por lo que no voy a dejar que tambi\u00e9n me quiten el poder disfrutar del verano y de estar con la familia y los amigos.<a href=\"\/trampolin-vida\/wp-content\/uploads\/sites\/62\/2015\/06\/ejercicios-fortalecer-brazos.jpg\"><img loading=\"lazy\" class=\"alignright size-medium wp-image-495\" title=\"ejercicios-fortalecer-brazos\" src=\"\/trampolin-vida\/wp-content\/uploads\/sites\/62\/2015\/06\/ejercicios-fortalecer-brazos.jpg\" alt=\"\" width=\"300\" height=\"291\" srcset=\"https:\/\/static-blogs.diariovasco.com\/wp-content\/uploads\/sites\/62\/2015\/06\/ejercicios-fortalecer-brazos.jpg 500w, https:\/\/static-blogs.diariovasco.com\/wp-content\/uploads\/sites\/62\/2015\/06\/ejercicios-fortalecer-brazos-300x292.jpg 300w\" sizes=\"(max-width: 300px) 100vw, 300px\" \/><\/a><\/p>\n<p>Cada persona somos un mundo, todos tenemos algo especial que nos diferencia de los otros, por lo que cada uno va a <strong>gestionar<\/strong> un asunto como este como mejor pueda. Imagino, que habr\u00e1 incluso, a quien le haya ocurrido y no le haya supuesto mucho disgusto, pero s\u00e9 que hay personas que lo pasan muy mal, que se sienten invadidas en su intimidad, desprotegidas en su propio hogar y vulnerables a cualquiera que pretenda hacerles mal. Sin embargo, es a estas personas a quienes me gustar\u00eda poderles transmitir que aunque hay momentos de rabia y de impotencia en los que todo se ve muy negro, es posible conectar con nuestra fuerza y volver a sonre\u00edr. En mi caso, lo que me ha servido ha sido saber que soy capaz de salir de la tristeza en la que me encontraba y que es m\u00e1s fuerte, en este caso, mi \u00a0fuerza que sus ganas de robar.<\/p>\n<!-- AddThis Advanced Settings generic via filter on the_content --><!-- AddThis Share Buttons generic via filter on the_content -->","protected":false},"excerpt":{"rendered":"<p>Hace una semana os hablaba de un suceso que me ha causado un disgusto muy grande y del que me est\u00e1 costando sobreponerme. Soy una mujer fuerte, no tengo dudas de ello, pero es verdad, que el \u201cbofet\u00f3n\u201d emocional y f\u00edsico que me produjo este hecho fue tan grande, que me est\u00e1 costando superarlo. Adem\u00e1s, [&hellip;]<!-- AddThis Advanced Settings generic via filter on get_the_excerpt --><!-- AddThis Share Buttons generic via filter on get_the_excerpt --><\/p>\n","protected":false},"author":93,"featured_media":0,"comment_status":"open","ping_status":"closed","sticky":false,"template":"","format":"standard","meta":[],"categories":[2],"tags":[],"_links":{"self":[{"href":"https:\/\/blogs.diariovasco.com\/trampolin-vida\/wp-json\/wp\/v2\/posts\/493"}],"collection":[{"href":"https:\/\/blogs.diariovasco.com\/trampolin-vida\/wp-json\/wp\/v2\/posts"}],"about":[{"href":"https:\/\/blogs.diariovasco.com\/trampolin-vida\/wp-json\/wp\/v2\/types\/post"}],"author":[{"embeddable":true,"href":"https:\/\/blogs.diariovasco.com\/trampolin-vida\/wp-json\/wp\/v2\/users\/93"}],"replies":[{"embeddable":true,"href":"https:\/\/blogs.diariovasco.com\/trampolin-vida\/wp-json\/wp\/v2\/comments?post=493"}],"version-history":[{"count":0,"href":"https:\/\/blogs.diariovasco.com\/trampolin-vida\/wp-json\/wp\/v2\/posts\/493\/revisions"}],"wp:attachment":[{"href":"https:\/\/blogs.diariovasco.com\/trampolin-vida\/wp-json\/wp\/v2\/media?parent=493"}],"wp:term":[{"taxonomy":"category","embeddable":true,"href":"https:\/\/blogs.diariovasco.com\/trampolin-vida\/wp-json\/wp\/v2\/categories?post=493"},{"taxonomy":"post_tag","embeddable":true,"href":"https:\/\/blogs.diariovasco.com\/trampolin-vida\/wp-json\/wp\/v2\/tags?post=493"}],"curies":[{"name":"wp","href":"https:\/\/api.w.org\/{rel}","templated":true}]}}