{"id":512,"date":"2015-07-22T07:00:01","date_gmt":"2015-07-22T05:00:01","guid":{"rendered":"http:\/\/blogs.diariovasco.com\/trampolin-vida\/?p=512"},"modified":"2015-07-22T07:00:01","modified_gmt":"2015-07-22T05:00:01","slug":"cuando-no-te-sientes-entendido","status":"publish","type":"post","link":"https:\/\/blogs.diariovasco.com\/trampolin-vida\/2015\/07\/22\/cuando-no-te-sientes-entendido\/","title":{"rendered":"Cuando no te sientes entendido"},"content":{"rendered":"<p>Hay veces en la vida, que no te sientes entendido por lo que te ocurre, aunque para ti sea algo muy importante, y por lo que parece, tengas que dar explicaciones. Cuando esto ocurre, no s\u00f3lo est\u00e1s mal por el hecho que te atormenta, sino adem\u00e1s por sentir la necesidad de tener que justificar tu malestar.<a href=\"\/trampolin-vida\/wp-content\/uploads\/sites\/62\/2015\/07\/download-1.jpg\"><img loading=\"lazy\" class=\"alignleft size-full wp-image-513\" title=\"download (1)\" src=\"\/trampolin-vida\/wp-content\/uploads\/sites\/62\/2015\/07\/download-1.jpg\" alt=\"\" width=\"275\" height=\"183\" \/><\/a><\/p>\n<p>Pueden ser muy variados los casos, ya que en la mayor\u00eda de los asuntos, hay gente dispuesta a decirte que siempre hay algo peor y que no debes dramatizar por lo que te est\u00e1 ocurriendo, o que lo que te pasa, no es tan importante como t\u00fa piensas y que lo mejor es olvidarlo. En muchos casos, puede ser as\u00ed, pero esto no implica, aunque racionalmente t\u00fa sepas que tienen raz\u00f3n, que t\u00fa te sientas mejor por compararte con otros que lo pasan peor. Todos tenemos derecho a sentir lo que la emoci\u00f3n en ese momento te transmite, sea esta la que sea, sin necesidad de confrontarla con otra. Este es un <strong>derecho<\/strong> que a todos nos pertenece y que nadie puede <strong>juzgar<\/strong>. Si por ejemplo, alguien se enfada por una nimiedad, no hay que olvidar que quien lo est\u00e1 pasando mal es la persona que lo siente, por lo tanto, bastante tiene con vivirlo de esta forma, como para que otra persona le diga que es una tonter\u00eda. Estoy convencida, que a la mayor\u00eda nos ha pasado algo parecido: Un enfado con la pareja que otros no entienden, un malestar con amigos que se cree una insignificancia, o cualquier asunto que puede parecer desde fuera absurdo, pero que sin embargo a la persona le afecta.<\/p>\n<p>Es la propia persona, quien tiene la decisi\u00f3n de concluir hasta donde quiere que este hecho le trastorne, pero nadie puede to<a href=\"\/trampolin-vida\/wp-content\/uploads\/sites\/62\/2015\/07\/download-2.jpg\"><span style=\"color: #000000;\">mar esta decisi\u00f3n por ella. Tenemos que aprender a <\/span><strong style=\"color: #000000;\">respetar <\/strong><span style=\"color: #000000;\">lo que los de nuestro alrededor sienten, y si es el caso, ayudarles a superarlo, pero nunca decirles que no deben sentir lo que perciben en ese momento.<a href=\"\/trampolin-vida\/wp-content\/uploads\/sites\/62\/2015\/07\/download-21.jpg\"><img loading=\"lazy\" class=\"alignright size-full wp-image-515\" title=\"download (2)\" src=\"\/trampolin-vida\/wp-content\/uploads\/sites\/62\/2015\/07\/download-21.jpg\" alt=\"\" width=\"273\" height=\"185\" \/><\/a><\/span><\/a><\/p>\n<div>\n<p>Por lo tanto, no queramos juzgar los males de los dem\u00e1s como si fueran los nuestros propios y lo que nosotros har\u00edamos en ese momento, aprendamos a respetarlo y a ayudarles a superarlos si la persona en cuesti\u00f3n quiere esta colaboraci\u00f3n. Valoremos el estar y compartir con ellos su pesar sin necesidad de juzgarlo.<\/p>\n<\/div>\n<!-- AddThis Advanced Settings generic via filter on the_content --><!-- AddThis Share Buttons generic via filter on the_content -->","protected":false},"excerpt":{"rendered":"<p>Hay veces en la vida, que no te sientes entendido por lo que te ocurre, aunque para ti sea algo muy importante, y por lo que parece, tengas que dar explicaciones. Cuando esto ocurre, no s\u00f3lo est\u00e1s mal por el hecho que te atormenta, sino adem\u00e1s por sentir la necesidad de tener que justificar tu [&hellip;]<!-- AddThis Advanced Settings generic via filter on get_the_excerpt --><!-- AddThis Share Buttons generic via filter on get_the_excerpt --><\/p>\n","protected":false},"author":93,"featured_media":0,"comment_status":"open","ping_status":"closed","sticky":false,"template":"","format":"standard","meta":[],"categories":[2],"tags":[],"_links":{"self":[{"href":"https:\/\/blogs.diariovasco.com\/trampolin-vida\/wp-json\/wp\/v2\/posts\/512"}],"collection":[{"href":"https:\/\/blogs.diariovasco.com\/trampolin-vida\/wp-json\/wp\/v2\/posts"}],"about":[{"href":"https:\/\/blogs.diariovasco.com\/trampolin-vida\/wp-json\/wp\/v2\/types\/post"}],"author":[{"embeddable":true,"href":"https:\/\/blogs.diariovasco.com\/trampolin-vida\/wp-json\/wp\/v2\/users\/93"}],"replies":[{"embeddable":true,"href":"https:\/\/blogs.diariovasco.com\/trampolin-vida\/wp-json\/wp\/v2\/comments?post=512"}],"version-history":[{"count":0,"href":"https:\/\/blogs.diariovasco.com\/trampolin-vida\/wp-json\/wp\/v2\/posts\/512\/revisions"}],"wp:attachment":[{"href":"https:\/\/blogs.diariovasco.com\/trampolin-vida\/wp-json\/wp\/v2\/media?parent=512"}],"wp:term":[{"taxonomy":"category","embeddable":true,"href":"https:\/\/blogs.diariovasco.com\/trampolin-vida\/wp-json\/wp\/v2\/categories?post=512"},{"taxonomy":"post_tag","embeddable":true,"href":"https:\/\/blogs.diariovasco.com\/trampolin-vida\/wp-json\/wp\/v2\/tags?post=512"}],"curies":[{"name":"wp","href":"https:\/\/api.w.org\/{rel}","templated":true}]}}