{"id":542,"date":"2015-09-02T07:00:43","date_gmt":"2015-09-02T05:00:43","guid":{"rendered":"http:\/\/blogs.diariovasco.com\/trampolin-vida\/?p=542"},"modified":"2015-09-02T07:00:43","modified_gmt":"2015-09-02T05:00:43","slug":"ocho-pasos-para-realizar-nuevas-ideas","status":"publish","type":"post","link":"https:\/\/blogs.diariovasco.com\/trampolin-vida\/2015\/09\/02\/ocho-pasos-para-realizar-nuevas-ideas\/","title":{"rendered":"Ocho pasos para realizar nuevas ideas"},"content":{"rendered":"<p>Comienza el nuevo curso y empezamos con una nueva idea. El verano y las vacaciones sirven para desconectar, descansar, disfrutar y cargar las pilas, lo que nos puede llevar a que surjan nuevos proyectos en nuestra vida. Estos proyectos pueden ser personales o laborales, cualquiera que sea el tema nos <strong>impulsa<\/strong> a volver a la rutina del nuevo curso y a ilusionarnos con \u00e9l.<a href=\"\/trampolin-vida\/wp-content\/uploads\/sites\/62\/2015\/09\/ni\u00f1o-idea-2.jpg\"><img loading=\"lazy\" class=\"alignleft size-medium wp-image-543\" title=\"ni\u00f1o-idea-2\" src=\"\/trampolin-vida\/wp-content\/uploads\/sites\/62\/2015\/09\/ni\u00f1o-idea-2.jpg\" alt=\"\" width=\"300\" height=\"280\" srcset=\"https:\/\/static-blogs.diariovasco.com\/wp-content\/uploads\/sites\/62\/2015\/09\/ni\u00f1o-idea-2.jpg 535w, https:\/\/static-blogs.diariovasco.com\/wp-content\/uploads\/sites\/62\/2015\/09\/ni\u00f1o-idea-2-300x280.jpg 300w\" sizes=\"(max-width: 300px) 100vw, 300px\" \/><\/a><\/p>\n<p>A veces, no nos surgen las ideas de forma inmediata y hay que darles forma para que se conviertan en un nuevo objetivo, y por lo tanto un nuevo <strong>reto<\/strong> que nos lleve a motivarnos, y otras veces, puede ser cualquier nueva idea que se nos haya ocurrido durante ese proceso de desconexi\u00f3n que hace que las ideas fluyan. De cualquier forma, es un nuevo comienzo que nos va a permitir disfrutar del nuevo arranque que a la mayor\u00eda de nosotros nos supone el volver a empezar.<\/p>\n<p>Cojamos esa idea y aprovech\u00e9mosla para nuestro planteamiento vital de sentirnos bien:<\/p>\n<ol>\n<li>Dar forma a nuestro nuevo proyecto.<\/li>\n<li>Informarnos de c\u00f3mo hacerlo.<\/li>\n<li>Valorar las diferentes alternativas para llevarlo a cabo.<\/li>\n<li>Analizar sus pros y sus contras.<\/li>\n<li>Estudiar la forma mejor de realizar lo decidido.<\/li>\n<li>Ponerlo en pr\u00e1ctica.<\/li>\n<li>Vivir cada paso teniendo en cuenta que podemos tener que retroceder a uno anterior y que no pasa nada por ello.<\/li>\n<li>Disfrutar del resultado, sea este cual sea.<\/li>\n<\/ol>\n<p>A medida que vamos avanzando en estos ocho pasos, iremos recabando la informaci\u00f3n necesaria, tanto para ser conscientes de qu\u00e9 es lo que podemos hacer y qu\u00e9 es lo que debemos cambiar. Tanto si vamos directos, como si necesitamos volver al punto de partida, estaremos <strong>aprendiendo<\/strong>, tanto sobre nuestro objetivo como sobre nosotros mismos, y sobre cu\u00e1les son las habilidades que mejor realizamos y cuales debemos reforzar.<a href=\"\/trampolin-vida\/wp-content\/uploads\/sites\/62\/2015\/09\/8797465546513212.jpg\"><img loading=\"lazy\" class=\"alignright size-medium wp-image-544\" title=\"8797465546513212\" src=\"\/trampolin-vida\/wp-content\/uploads\/sites\/62\/2015\/09\/8797465546513212.jpg\" alt=\"\" width=\"300\" height=\"253\" srcset=\"https:\/\/static-blogs.diariovasco.com\/wp-content\/uploads\/sites\/62\/2015\/09\/8797465546513212.jpg 911w, https:\/\/static-blogs.diariovasco.com\/wp-content\/uploads\/sites\/62\/2015\/09\/8797465546513212-300x253.jpg 300w, https:\/\/static-blogs.diariovasco.com\/wp-content\/uploads\/sites\/62\/2015\/09\/8797465546513212-768x648.jpg 768w\" sizes=\"(max-width: 300px) 100vw, 300px\" \/><\/a><\/p>\n<p>Como he dicho antes, esto sirve a todos los niveles y para todas aquellas personas que quieran sentirse estimuladas por nuevos proyectos, sean estos complicados o simples, pero si algo est\u00e1 claro, es que siempre estaremos aprendiendo. Puede tratarse de un estudiante que afronte un nuevo curso, una ama de casa que quiera experimentar nuevas estrategias para lograr m\u00e1s tiempo libre o un alto ejecutivo que quiera llevar un nuevo proyecto para su empresa, cualquier reto es v\u00e1lido, y lo que es m\u00e1s importante, cualquier reto nos va a hacer <strong>sentirnos mejor y m\u00e1s \u00fatiles<\/strong>.<\/p>\n<!-- AddThis Advanced Settings generic via filter on the_content --><!-- AddThis Share Buttons generic via filter on the_content -->","protected":false},"excerpt":{"rendered":"<p>Comienza el nuevo curso y empezamos con una nueva idea. El verano y las vacaciones sirven para desconectar, descansar, disfrutar y cargar las pilas, lo que nos puede llevar a que surjan nuevos proyectos en nuestra vida. Estos proyectos pueden ser personales o laborales, cualquiera que sea el tema nos impulsa a volver a la [&hellip;]<!-- AddThis Advanced Settings generic via filter on get_the_excerpt --><!-- AddThis Share Buttons generic via filter on get_the_excerpt --><\/p>\n","protected":false},"author":93,"featured_media":0,"comment_status":"open","ping_status":"closed","sticky":false,"template":"","format":"standard","meta":[],"categories":[2],"tags":[],"_links":{"self":[{"href":"https:\/\/blogs.diariovasco.com\/trampolin-vida\/wp-json\/wp\/v2\/posts\/542"}],"collection":[{"href":"https:\/\/blogs.diariovasco.com\/trampolin-vida\/wp-json\/wp\/v2\/posts"}],"about":[{"href":"https:\/\/blogs.diariovasco.com\/trampolin-vida\/wp-json\/wp\/v2\/types\/post"}],"author":[{"embeddable":true,"href":"https:\/\/blogs.diariovasco.com\/trampolin-vida\/wp-json\/wp\/v2\/users\/93"}],"replies":[{"embeddable":true,"href":"https:\/\/blogs.diariovasco.com\/trampolin-vida\/wp-json\/wp\/v2\/comments?post=542"}],"version-history":[{"count":0,"href":"https:\/\/blogs.diariovasco.com\/trampolin-vida\/wp-json\/wp\/v2\/posts\/542\/revisions"}],"wp:attachment":[{"href":"https:\/\/blogs.diariovasco.com\/trampolin-vida\/wp-json\/wp\/v2\/media?parent=542"}],"wp:term":[{"taxonomy":"category","embeddable":true,"href":"https:\/\/blogs.diariovasco.com\/trampolin-vida\/wp-json\/wp\/v2\/categories?post=542"},{"taxonomy":"post_tag","embeddable":true,"href":"https:\/\/blogs.diariovasco.com\/trampolin-vida\/wp-json\/wp\/v2\/tags?post=542"}],"curies":[{"name":"wp","href":"https:\/\/api.w.org\/{rel}","templated":true}]}}