{"id":546,"date":"2015-09-09T07:00:46","date_gmt":"2015-09-09T05:00:46","guid":{"rendered":"http:\/\/blogs.diariovasco.com\/trampolin-vida\/?p=546"},"modified":"2015-09-09T07:00:46","modified_gmt":"2015-09-09T05:00:46","slug":"no-acudir-a-las-citas","status":"publish","type":"post","link":"https:\/\/blogs.diariovasco.com\/trampolin-vida\/2015\/09\/09\/no-acudir-a-las-citas\/","title":{"rendered":"No acudir a las citas"},"content":{"rendered":"<p>Imagino, que la mayor\u00eda de nosotros, al leer el t\u00edtulo de este post lo primero que le viene a la cabeza es una situaci\u00f3n negativa, algo que no se debe hacer y que resulta de bastante mala educaci\u00f3n, no acudir a una cita cuando uno se ha <strong>comprometido<\/strong> a hacerlo. Lo extra\u00f1o, es que algo que en un principio nos causa rechazo, es algo que hacemos con bastante frecuencia, dando una peque\u00f1a explicaci\u00f3n con no demasiado tiempo de antelaci\u00f3n y creyendo que no pasa nada, que la otra persona puede entender.<a href=\"\/trampolin-vida\/wp-content\/uploads\/sites\/62\/2015\/09\/las-tarifas-de-los-celulares-seran-hasta-25-mas-caras.png\"><img loading=\"lazy\" class=\"alignleft size-medium wp-image-547\" title=\"las-tarifas-de-los-celulares-seran-hasta-25-mas-caras\" src=\"\/trampolin-vida\/wp-content\/uploads\/sites\/62\/2015\/09\/las-tarifas-de-los-celulares-seran-hasta-25-mas-caras.png\" alt=\"\" width=\"300\" height=\"168\" srcset=\"https:\/\/static-blogs.diariovasco.com\/wp-content\/uploads\/sites\/62\/2015\/09\/las-tarifas-de-los-celulares-seran-hasta-25-mas-caras.png 637w, https:\/\/static-blogs.diariovasco.com\/wp-content\/uploads\/sites\/62\/2015\/09\/las-tarifas-de-los-celulares-seran-hasta-25-mas-caras-300x168.png 300w\" sizes=\"(max-width: 300px) 100vw, 300px\" \/><\/a><\/p>\n<p>Da lo mismo si se trata en un \u00e1mbito personal o profesional, debemos asumir que cuando hacemos algo as\u00ed estamos <strong>perjudicando<\/strong> a la otra persona, bien porque le hacemos perder su tiempo, desbaratamos sus planes o impedimos que pueda facturar esa hora. Si a nosotros nos viene mal acudir a una cita por falta de tiempo, debemos pensar que a la otra persona directamente le hacemos perder ese tiempo que a nosotros tan importante y apremiante nos est\u00e1 pareciendo.<\/p>\n<p>Por supuesto, siempre podemos tener un imprevisto o una urgencia que nos impida acudir a una cita avisando en el \u00faltimo momento, pero una cosa es una circunstancia como esta, y otra es que nos parezca m\u00e1s c\u00f3modo mandar un whatssap en el \u00faltimo momento y no acudir a la cita. Tengo que destacar, que cuando hablo de este tema con otros profesionales, incluso agradecen que los clientes llamen o env\u00eden un mensaje para <strong>avisar<\/strong>, ya que en muchos casos, ni siquiera se hace esto. \u00a0<a href=\"\/trampolin-vida\/wp-content\/uploads\/sites\/62\/2015\/09\/5783515-Empresario-sentado-a-la-mesa-en-la-cafeter-a-esperando-a-alguien-mirando-su-reloj-Las-mujeres-j-vene-Foto-de-archivo.jpg\"><img loading=\"lazy\" class=\"alignright size-medium wp-image-548\" title=\"5783515-Empresario-sentado-a-la-mesa-en-la-cafeter-a-esperando-a-alguien-mirando-su-reloj-Las-mujeres-j-vene-Foto-de-archivo\" src=\"\/trampolin-vida\/wp-content\/uploads\/sites\/62\/2015\/09\/5783515-Empresario-sentado-a-la-mesa-en-la-cafeter-a-esperando-a-alguien-mirando-su-reloj-Las-mujeres-j-vene-Foto-de-archivo.jpg\" alt=\"\" width=\"300\" height=\"199\" srcset=\"https:\/\/static-blogs.diariovasco.com\/wp-content\/uploads\/sites\/62\/2015\/09\/5783515-Empresario-sentado-a-la-mesa-en-la-cafeter-a-esperando-a-alguien-mirando-su-reloj-Las-mujeres-j-vene-Foto-de-archivo.jpg 1300w, https:\/\/static-blogs.diariovasco.com\/wp-content\/uploads\/sites\/62\/2015\/09\/5783515-Empresario-sentado-a-la-mesa-en-la-cafeter-a-esperando-a-alguien-mirando-su-reloj-Las-mujeres-j-vene-Foto-de-archivo-300x200.jpg 300w, https:\/\/static-blogs.diariovasco.com\/wp-content\/uploads\/sites\/62\/2015\/09\/5783515-Empresario-sentado-a-la-mesa-en-la-cafeter-a-esperando-a-alguien-mirando-su-reloj-Las-mujeres-j-vene-Foto-de-archivo-768x512.jpg 768w, https:\/\/static-blogs.diariovasco.com\/wp-content\/uploads\/sites\/62\/2015\/09\/5783515-Empresario-sentado-a-la-mesa-en-la-cafeter-a-esperando-a-alguien-mirando-su-reloj-Las-mujeres-j-vene-Foto-de-archivo-1024x682.jpg 1024w\" sizes=\"(max-width: 300px) 100vw, 300px\" \/><\/a><\/p>\n<p>Como ver\u00e1n, una vez m\u00e1s hablo de <strong>educaci\u00f3n<\/strong> en este post, o de la falta de ella, ya que considero que es un tema basado en la falta de respeto hacia el trabajo de la otra persona y hacia el tiempo de esta. Incluso, me sorprende, que a veces la excusa sea que se anda mal de tiempo para acudir a una cita, sin darse cuenta, que en ese momento se est\u00e1 atentando precisamente contra el tiempo de la persona\u00a0 a la que se deja colgada. Por lo tanto, pido desde aqu\u00ed una reflexi\u00f3n, y que la pr\u00f3xima vez que tengamos que anular una cita en el \u00faltimo momento valoremos si de verdad lo hacemos porque efectivamente no podemos ir o porque nos resulta m\u00e1s c\u00f3modo hacerlo sin pensar en la otra persona.<\/p>\n<!-- AddThis Advanced Settings generic via filter on the_content --><!-- AddThis Share Buttons generic via filter on the_content -->","protected":false},"excerpt":{"rendered":"<p>Imagino, que la mayor\u00eda de nosotros, al leer el t\u00edtulo de este post lo primero que le viene a la cabeza es una situaci\u00f3n negativa, algo que no se debe hacer y que resulta de bastante mala educaci\u00f3n, no acudir a una cita cuando uno se ha comprometido a hacerlo. Lo extra\u00f1o, es que algo [&hellip;]<!-- AddThis Advanced Settings generic via filter on get_the_excerpt --><!-- AddThis Share Buttons generic via filter on get_the_excerpt --><\/p>\n","protected":false},"author":93,"featured_media":0,"comment_status":"open","ping_status":"closed","sticky":false,"template":"","format":"standard","meta":[],"categories":[2],"tags":[],"_links":{"self":[{"href":"https:\/\/blogs.diariovasco.com\/trampolin-vida\/wp-json\/wp\/v2\/posts\/546"}],"collection":[{"href":"https:\/\/blogs.diariovasco.com\/trampolin-vida\/wp-json\/wp\/v2\/posts"}],"about":[{"href":"https:\/\/blogs.diariovasco.com\/trampolin-vida\/wp-json\/wp\/v2\/types\/post"}],"author":[{"embeddable":true,"href":"https:\/\/blogs.diariovasco.com\/trampolin-vida\/wp-json\/wp\/v2\/users\/93"}],"replies":[{"embeddable":true,"href":"https:\/\/blogs.diariovasco.com\/trampolin-vida\/wp-json\/wp\/v2\/comments?post=546"}],"version-history":[{"count":0,"href":"https:\/\/blogs.diariovasco.com\/trampolin-vida\/wp-json\/wp\/v2\/posts\/546\/revisions"}],"wp:attachment":[{"href":"https:\/\/blogs.diariovasco.com\/trampolin-vida\/wp-json\/wp\/v2\/media?parent=546"}],"wp:term":[{"taxonomy":"category","embeddable":true,"href":"https:\/\/blogs.diariovasco.com\/trampolin-vida\/wp-json\/wp\/v2\/categories?post=546"},{"taxonomy":"post_tag","embeddable":true,"href":"https:\/\/blogs.diariovasco.com\/trampolin-vida\/wp-json\/wp\/v2\/tags?post=546"}],"curies":[{"name":"wp","href":"https:\/\/api.w.org\/{rel}","templated":true}]}}