{"id":550,"date":"2015-09-16T07:00:34","date_gmt":"2015-09-16T05:00:34","guid":{"rendered":"http:\/\/blogs.diariovasco.com\/trampolin-vida\/?p=550"},"modified":"2015-09-16T07:00:34","modified_gmt":"2015-09-16T05:00:34","slug":"que-hacer-en-septiembre","status":"publish","type":"post","link":"https:\/\/blogs.diariovasco.com\/trampolin-vida\/2015\/09\/16\/que-hacer-en-septiembre\/","title":{"rendered":"\u00bfQu\u00e9 hacer en septiembre?"},"content":{"rendered":"<p>En el mes de la vuelta a la rutina, de despedida de las vacaciones, se respira un poco de tristeza y melancol\u00eda. La luz se apaga, y se vuelve m\u00e1s rom\u00e1ntica, al menos para mi, y comienzan las lluvias que la tierra tanto necesita. Ahora parece ser el momento de tomar una <strong>decisi\u00f3n<\/strong>, de dejarnos llevar por esa melancol\u00eda y adaptarnos a la rutina, o pensar en hacer cambios en nuestra vida que nos reten para motivarnos y afrontar esta \u00e9poca con mayor animosidad.<a href=\"\/trampolin-vida\/wp-content\/uploads\/sites\/62\/2015\/09\/sentada.jpg\"><img loading=\"lazy\" class=\"alignleft size-full wp-image-551\" title=\"sentada\" src=\"\/trampolin-vida\/wp-content\/uploads\/sites\/62\/2015\/09\/sentada.jpg\" alt=\"\" width=\"276\" height=\"183\" \/><\/a><\/p>\n<p>S\u00e9 que pod\u00e9is pensar que aconsejar\u00eda optar por esta segunda opci\u00f3n, la de buscar un reto que nos motive, sin embargo, creo que en cada momento de la vida hay que saber elegir lo que m\u00e1s nos conviene, y por lo tanto, a veces hay que optar por no hacer nada, por dejarnos llevar y <strong>descansar <\/strong>la cabeza de nuevos proyectos. No siempre se tiene la energ\u00eda para afrontar nuevos retos, o precisamente, un nuevo reto puede ser no enfrascarnos en nuevos proyectos. A veces, el no hacer nada es lo que resulta m\u00e1s complicado, y poder disfrutar de lo que ya tenemos, de nuestra vida tal y como es, sin necesidad de a\u00f1adirle nuevas emociones.<\/p>\n<p>Por otra parte, habr\u00e1 quien quiera a\u00f1adirle a su vida, a estos meses que parecen ser los m\u00e1s melanc\u00f3licos del a\u00f1o, donde la luz se va a pagando y comenzamos a sentir fr\u00edo, un poco de emoci\u00f3n para que nuestras vidas tengan el calor que los nuevos <strong>objetivos<\/strong> nos hacen sentir. Puede ser un cambio de rutinas, aprender a aprovechar mejor el tiempo, o algo tan simple como proponernos estar m\u00e1s con amigos a la vuelta de las vacaciones, o empezar a disponer de m\u00e1s tiempo para nosotros mismos, sin ning\u00fan prop\u00f3sito en particular. Desde luego, hay quien para ellos, este mes es un tiempo de grandes descubrimientos, aquellos que comienzan a desarrollar<\/p>\n<p><img loading=\"lazy\" class=\"alignright size-medium wp-image-552\" title=\"2014090200020297592\" src=\"\/trampolin-vida\/wp-content\/uploads\/sites\/62\/2015\/09\/2014090200020297592.jpg\" alt=\"\" width=\"300\" height=\"199\" srcset=\"https:\/\/static-blogs.diariovasco.com\/wp-content\/uploads\/sites\/62\/2015\/09\/2014090200020297592.jpg 800w, https:\/\/static-blogs.diariovasco.com\/wp-content\/uploads\/sites\/62\/2015\/09\/2014090200020297592-300x199.jpg 300w, https:\/\/static-blogs.diariovasco.com\/wp-content\/uploads\/sites\/62\/2015\/09\/2014090200020297592-768x510.jpg 768w\" sizes=\"(max-width: 300px) 100vw, 300px\" \/><\/p>\n<p>un nuevo trabajo, un nuevo curso o a realizar nuevos estudios. Para estas personas, septiembre es m\u00e1gico, llenos de ilusiones y expectativas, en donde pueden hacer que sus sue\u00f1os comiencen a hacerse realidad.<\/p>\n<p>Tanto si nos encontramos en una situaci\u00f3n o en la otra, lo m\u00e1s importante es que <strong>disfrutemos<\/strong> de nuestra vida y que aprendamos a ser felices con nuestras decisiones.<\/p>\n<!-- AddThis Advanced Settings generic via filter on the_content --><!-- AddThis Share Buttons generic via filter on the_content -->","protected":false},"excerpt":{"rendered":"<p>En el mes de la vuelta a la rutina, de despedida de las vacaciones, se respira un poco de tristeza y melancol\u00eda. La luz se apaga, y se vuelve m\u00e1s rom\u00e1ntica, al menos para mi, y comienzan las lluvias que la tierra tanto necesita. Ahora parece ser el momento de tomar una decisi\u00f3n, de dejarnos [&hellip;]<!-- AddThis Advanced Settings generic via filter on get_the_excerpt --><!-- AddThis Share Buttons generic via filter on get_the_excerpt --><\/p>\n","protected":false},"author":93,"featured_media":0,"comment_status":"open","ping_status":"closed","sticky":false,"template":"","format":"standard","meta":[],"categories":[2],"tags":[],"_links":{"self":[{"href":"https:\/\/blogs.diariovasco.com\/trampolin-vida\/wp-json\/wp\/v2\/posts\/550"}],"collection":[{"href":"https:\/\/blogs.diariovasco.com\/trampolin-vida\/wp-json\/wp\/v2\/posts"}],"about":[{"href":"https:\/\/blogs.diariovasco.com\/trampolin-vida\/wp-json\/wp\/v2\/types\/post"}],"author":[{"embeddable":true,"href":"https:\/\/blogs.diariovasco.com\/trampolin-vida\/wp-json\/wp\/v2\/users\/93"}],"replies":[{"embeddable":true,"href":"https:\/\/blogs.diariovasco.com\/trampolin-vida\/wp-json\/wp\/v2\/comments?post=550"}],"version-history":[{"count":0,"href":"https:\/\/blogs.diariovasco.com\/trampolin-vida\/wp-json\/wp\/v2\/posts\/550\/revisions"}],"wp:attachment":[{"href":"https:\/\/blogs.diariovasco.com\/trampolin-vida\/wp-json\/wp\/v2\/media?parent=550"}],"wp:term":[{"taxonomy":"category","embeddable":true,"href":"https:\/\/blogs.diariovasco.com\/trampolin-vida\/wp-json\/wp\/v2\/categories?post=550"},{"taxonomy":"post_tag","embeddable":true,"href":"https:\/\/blogs.diariovasco.com\/trampolin-vida\/wp-json\/wp\/v2\/tags?post=550"}],"curies":[{"name":"wp","href":"https:\/\/api.w.org\/{rel}","templated":true}]}}