{"id":553,"date":"2015-09-23T07:00:25","date_gmt":"2015-09-23T05:00:25","guid":{"rendered":"http:\/\/blogs.diariovasco.com\/trampolin-vida\/?p=553"},"modified":"2015-09-23T07:00:25","modified_gmt":"2015-09-23T05:00:25","slug":"cambiar-de-imagen","status":"publish","type":"post","link":"https:\/\/blogs.diariovasco.com\/trampolin-vida\/2015\/09\/23\/cambiar-de-imagen\/","title":{"rendered":"Cambiar de imagen"},"content":{"rendered":"<p>Muchas veces sentimos la necesidad de cambiar de imagen para sentirnos m\u00e1s seguros y estar mejor. Creemos que la imagen que proyectamos no es la que nos gustar\u00eda <strong>transmitir<\/strong>, y esto nos hace sentirnos inseguros en nuestra propia piel cuando tenemos que relacionarnos con otras personas. Pero, \u00bfestamos en lo cierto sobre la imagen que proyectamos o es una creencia nuestra que nos impide ver lo que los otros aprecian de nosotros mismos?<a href=\"\/trampolin-vida\/wp-content\/uploads\/sites\/62\/2015\/09\/6e9d19e8ce8112b9c630a8ce6c4ef7b7.jpg\"><img loading=\"lazy\" class=\"alignleft size-medium wp-image-554\" title=\"6e9d19e8ce8112b9c630a8ce6c4ef7b7-462x347\" src=\"\/trampolin-vida\/wp-content\/uploads\/sites\/62\/2015\/09\/6e9d19e8ce8112b9c630a8ce6c4ef7b7-462x347.jpg\" alt=\"\" width=\"300\" height=\"225\" srcset=\"https:\/\/static-blogs.diariovasco.com\/wp-content\/uploads\/sites\/62\/2015\/09\/6e9d19e8ce8112b9c630a8ce6c4ef7b7-462x347.jpg 462w, https:\/\/static-blogs.diariovasco.com\/wp-content\/uploads\/sites\/62\/2015\/09\/6e9d19e8ce8112b9c630a8ce6c4ef7b7-462x347-300x225.jpg 300w\" sizes=\"(max-width: 300px) 100vw, 300px\" \/><\/a><\/p>\n<p>Por supuesto, creo que a veces un cambio de peinado, una mejora de nuestro aspecto o simplemente ponernos una prenda con la que nos sentimos bien nos ayuda a vernos mejor, y a que los otros tambi\u00e9n lo hagan, lo que en la mayor\u00eda de los casos, hace que repercuta en nuestro bienestar, pero esto no es lo m\u00e1s importante, es decir, no siempre somos conscientes del <strong>verdadero mensaje<\/strong> que transmitimos, y esto nos confunde. Muchas veces he escuchado por parte de personas allegadas que cre\u00edan que deb\u00edan cambiar porque se sent\u00edan peque\u00f1as o d\u00e9biles cuando lo que a mi me llegaba era todo lo contrario. No s\u00f3lo a mi, sino lo que los dem\u00e1s consider\u00e1bamos sobre esa persona en cuesti\u00f3n. Cuando esto ocurre, te llevas una sorpresa, porque es entonces cuando te das cuenta que de una forma o de otra, muchos de nosotros vivimos con inseguridades que los otros no ven, porque tambi\u00e9n contamos con la habilidad de disimularlas.<a href=\"\/trampolin-vida\/wp-content\/uploads\/sites\/62\/2015\/09\/mujer-mirandose-al-espejo.jpg\"><img loading=\"lazy\" class=\"alignright size-medium wp-image-555\" title=\"mujer-mirandose-al-espejo\" src=\"\/trampolin-vida\/wp-content\/uploads\/sites\/62\/2015\/09\/mujer-mirandose-al-espejo.jpg\" alt=\"\" width=\"300\" height=\"214\" srcset=\"https:\/\/static-blogs.diariovasco.com\/wp-content\/uploads\/sites\/62\/2015\/09\/mujer-mirandose-al-espejo.jpg 700w, https:\/\/static-blogs.diariovasco.com\/wp-content\/uploads\/sites\/62\/2015\/09\/mujer-mirandose-al-espejo-300x214.jpg 300w\" sizes=\"(max-width: 300px) 100vw, 300px\" \/><\/a><\/p>\n<p>Por supuesto, lo m\u00e1s importante es sentirse bien con uno mismo, pero tambi\u00e9n tenemos que ser conscientes, que a pesar de nuestras inseguridades y de que est\u00e1 bien trabajar en ellas, no debemos dejarnos llevar por lo que consideramos que los otros ven en nosotros, bien porque estamos equivocados con esa idea, y sobre todo, porque lo m\u00e1s importante es que nos gustemos a nosotros mismos. Por lo tanto, cuando decidamos realizar un cambio de <strong>imagen<\/strong>, que este sea hacia aquello que nos gusta, con lo que nos sintamos a gusto, sin pensar en la opini\u00f3n de nuestro entorno. Tendemos a ser mucho m\u00e1s cr\u00edticos con nosotros que con los dem\u00e1s, y esto se extrapola a la idea que tienen de nosotros. Por lo tanto, no nos dejemos llevar por lo que nosotros creemos que los otros piensan de nosotros, y disfrutemos de los cambios que queremos hacer en nuestra persona. Independientemente del mensaje que transmitamos, sint\u00e1monos bien con nuestra imagen.<\/p>\n<!-- AddThis Advanced Settings generic via filter on the_content --><!-- AddThis Share Buttons generic via filter on the_content -->","protected":false},"excerpt":{"rendered":"<p>Muchas veces sentimos la necesidad de cambiar de imagen para sentirnos m\u00e1s seguros y estar mejor. Creemos que la imagen que proyectamos no es la que nos gustar\u00eda transmitir, y esto nos hace sentirnos inseguros en nuestra propia piel cuando tenemos que relacionarnos con otras personas. Pero, \u00bfestamos en lo cierto sobre la imagen que [&hellip;]<!-- AddThis Advanced Settings generic via filter on get_the_excerpt --><!-- AddThis Share Buttons generic via filter on get_the_excerpt --><\/p>\n","protected":false},"author":93,"featured_media":0,"comment_status":"open","ping_status":"closed","sticky":false,"template":"","format":"standard","meta":[],"categories":[2],"tags":[],"_links":{"self":[{"href":"https:\/\/blogs.diariovasco.com\/trampolin-vida\/wp-json\/wp\/v2\/posts\/553"}],"collection":[{"href":"https:\/\/blogs.diariovasco.com\/trampolin-vida\/wp-json\/wp\/v2\/posts"}],"about":[{"href":"https:\/\/blogs.diariovasco.com\/trampolin-vida\/wp-json\/wp\/v2\/types\/post"}],"author":[{"embeddable":true,"href":"https:\/\/blogs.diariovasco.com\/trampolin-vida\/wp-json\/wp\/v2\/users\/93"}],"replies":[{"embeddable":true,"href":"https:\/\/blogs.diariovasco.com\/trampolin-vida\/wp-json\/wp\/v2\/comments?post=553"}],"version-history":[{"count":0,"href":"https:\/\/blogs.diariovasco.com\/trampolin-vida\/wp-json\/wp\/v2\/posts\/553\/revisions"}],"wp:attachment":[{"href":"https:\/\/blogs.diariovasco.com\/trampolin-vida\/wp-json\/wp\/v2\/media?parent=553"}],"wp:term":[{"taxonomy":"category","embeddable":true,"href":"https:\/\/blogs.diariovasco.com\/trampolin-vida\/wp-json\/wp\/v2\/categories?post=553"},{"taxonomy":"post_tag","embeddable":true,"href":"https:\/\/blogs.diariovasco.com\/trampolin-vida\/wp-json\/wp\/v2\/tags?post=553"}],"curies":[{"name":"wp","href":"https:\/\/api.w.org\/{rel}","templated":true}]}}