{"id":559,"date":"2015-09-30T07:00:31","date_gmt":"2015-09-30T05:00:31","guid":{"rendered":"http:\/\/blogs.diariovasco.com\/trampolin-vida\/?p=559"},"modified":"2015-09-30T07:00:31","modified_gmt":"2015-09-30T05:00:31","slug":"estar-desconectado","status":"publish","type":"post","link":"https:\/\/blogs.diariovasco.com\/trampolin-vida\/2015\/09\/30\/estar-desconectado\/","title":{"rendered":"Estar desconectado"},"content":{"rendered":"<p>Llevo mucho tiempo quej\u00e1ndome de la dependencia que tienen mis hijos con el m\u00f3vil, intentando que sean capaces de pasar varias horas, incluso d\u00edas, sin estar conectados, y que aprendan a vivir sin tener la necesidad de tener un tel\u00e9fono conectado. Ellos, por supuesto, alegan que lo necesitan para hacer muchas tareas cotidianas como por ejemplo, despertarse a la hora, saber qu\u00e9 tiempo va a hacer para elegir la ropa del d\u00eda,\u00a0 preguntar las dudas sobre los deberes o saber qu\u00e9 van a hacer sus amigos para poder quedar. Durante mucho tiempo, he insistido en que nosotros, los de mi generaci\u00f3n, \u00e9ramos capaces de hacer todas esas cosas sin necesidad de estar continuamente conectados a un dispositivo, por lo tanto, ellos tambi\u00e9n deber\u00edan hacerlo, y me parec\u00eda oportuno que aprendieran a utilizar otros recursos para no tener que <strong>depender<\/strong> de nada cuando necesiten hacer lo que quieran.<a href=\"\/trampolin-vida\/wp-content\/uploads\/sites\/62\/2015\/09\/descarga-1.jpg\"><img loading=\"lazy\" class=\"alignleft size-full wp-image-560\" title=\"descarga (1)\" src=\"\/trampolin-vida\/wp-content\/uploads\/sites\/62\/2015\/09\/descarga-1.jpg\" alt=\"\" width=\"252\" height=\"200\" \/><\/a><\/p>\n<p>Sin embargo, hace unos d\u00edas, y coincidiendo con un viaje, primero me qued\u00e9 sin conectividad, lo que me imped\u00eda estar en contacto con mi familia y mis clientes, y luego se me bloque\u00f3 el tel\u00e9fono, con lo que no pod\u00eda hacer nada, m\u00e1s que esperar que no fuera nada grave y no perder toda la informaci\u00f3n que hab\u00eda almacenado en los \u00faltimos d\u00edas. Tengo que reconocer que lo pas\u00e9 mal, primero por no poder conectar directamente con mis hijos y mi trabajo, y luego porque me sent\u00ed indefensa ante no disponer de toda la <strong>informaci\u00f3n<\/strong> a la que una persona es capaz de acceder gracias a un smartphone, sobre todo encontr\u00e1ndome en un lugar desconocido. Por lo tanto, he tenido que reconocer que yo soy la primera persona que es dependiente de un tel\u00e9fono m\u00f3vil y de todo lo que este te ofrece. Tengo que agradecer que en un momento se me hubiera ocurrido imprimir los billetes, ya que no s\u00e9 muy bien c\u00f3mo hubiera podido viajar sin tener el localizador de la reserva.<a href=\"\/trampolin-vida\/wp-content\/uploads\/sites\/62\/2015\/09\/558x367.jpg\"><img loading=\"lazy\" class=\"alignright size-medium wp-image-561\" title=\"558x367\" src=\"\/trampolin-vida\/wp-content\/uploads\/sites\/62\/2015\/09\/558x367.jpg\" alt=\"\" width=\"300\" height=\"197\" srcset=\"https:\/\/static-blogs.diariovasco.com\/wp-content\/uploads\/sites\/62\/2015\/09\/558x367.jpg 558w, https:\/\/static-blogs.diariovasco.com\/wp-content\/uploads\/sites\/62\/2015\/09\/558x367-300x197.jpg 300w\" sizes=\"(max-width: 300px) 100vw, 300px\" \/><\/a><\/p>\n<p>Tambi\u00e9n reconozco, que me ha venido muy bien poder estar desconectada de todo durante unos d\u00edas para poder descansar de verdad, sin preocuparme por tener que contestar ciertos emails o whatsapp, o pendiente de lo que ocurre en el mundo a todas horas. He podido <strong>desconectar <\/strong>y centrarme en estos d\u00edas, en lo que estaba haciendo y en las personas con las que compart\u00eda estos momentos, pudiendo divertirme enormemente. Por supuesto, gracias al m\u00f3vil de mi pareja, pude saber de mis hijos, pero tambi\u00e9n pude desconectar de todo lo dem\u00e1s, por lo tanto seguir\u00e9 insistiendo en que mis hijos aprendan a saber vivir un tiempo sin su m\u00f3vil.<\/p>\n<!-- AddThis Advanced Settings generic via filter on the_content --><!-- AddThis Share Buttons generic via filter on the_content -->","protected":false},"excerpt":{"rendered":"<p>Llevo mucho tiempo quej\u00e1ndome de la dependencia que tienen mis hijos con el m\u00f3vil, intentando que sean capaces de pasar varias horas, incluso d\u00edas, sin estar conectados, y que aprendan a vivir sin tener la necesidad de tener un tel\u00e9fono conectado. Ellos, por supuesto, alegan que lo necesitan para hacer muchas tareas cotidianas como por [&hellip;]<!-- AddThis Advanced Settings generic via filter on get_the_excerpt --><!-- AddThis Share Buttons generic via filter on get_the_excerpt --><\/p>\n","protected":false},"author":93,"featured_media":0,"comment_status":"open","ping_status":"closed","sticky":false,"template":"","format":"standard","meta":[],"categories":[2],"tags":[],"_links":{"self":[{"href":"https:\/\/blogs.diariovasco.com\/trampolin-vida\/wp-json\/wp\/v2\/posts\/559"}],"collection":[{"href":"https:\/\/blogs.diariovasco.com\/trampolin-vida\/wp-json\/wp\/v2\/posts"}],"about":[{"href":"https:\/\/blogs.diariovasco.com\/trampolin-vida\/wp-json\/wp\/v2\/types\/post"}],"author":[{"embeddable":true,"href":"https:\/\/blogs.diariovasco.com\/trampolin-vida\/wp-json\/wp\/v2\/users\/93"}],"replies":[{"embeddable":true,"href":"https:\/\/blogs.diariovasco.com\/trampolin-vida\/wp-json\/wp\/v2\/comments?post=559"}],"version-history":[{"count":0,"href":"https:\/\/blogs.diariovasco.com\/trampolin-vida\/wp-json\/wp\/v2\/posts\/559\/revisions"}],"wp:attachment":[{"href":"https:\/\/blogs.diariovasco.com\/trampolin-vida\/wp-json\/wp\/v2\/media?parent=559"}],"wp:term":[{"taxonomy":"category","embeddable":true,"href":"https:\/\/blogs.diariovasco.com\/trampolin-vida\/wp-json\/wp\/v2\/categories?post=559"},{"taxonomy":"post_tag","embeddable":true,"href":"https:\/\/blogs.diariovasco.com\/trampolin-vida\/wp-json\/wp\/v2\/tags?post=559"}],"curies":[{"name":"wp","href":"https:\/\/api.w.org\/{rel}","templated":true}]}}