{"id":563,"date":"2015-10-07T07:00:26","date_gmt":"2015-10-07T05:00:26","guid":{"rendered":"http:\/\/blogs.diariovasco.com\/trampolin-vida\/?p=563"},"modified":"2015-10-07T07:00:26","modified_gmt":"2015-10-07T05:00:26","slug":"berlin-sus-servicios-y-sus-gentes","status":"publish","type":"post","link":"https:\/\/blogs.diariovasco.com\/trampolin-vida\/2015\/10\/07\/berlin-sus-servicios-y-sus-gentes\/","title":{"rendered":"Berl\u00edn, sus servicios y sus gentes."},"content":{"rendered":"<p>Hace unos d\u00edas tuve la oportunidad de viajar a Berl\u00edn para disfrutar de una prueba deportiva: el marat\u00f3n en patines que se celebra un d\u00eda antes que el de corredores. La ciudad se encontraba llena de deportistas que quer\u00edan participar en una de las carreras m\u00e1s importantes del mundo. Entre los dos d\u00edas participaban m\u00e1s de 47.000 deportistas. Todos, tanto los corredores como los acompa\u00f1antes, \u00edbamos con ganas de disfrutar de este acontecimiento, y como no, tambi\u00e9n de la ciudad y de sus encantos. Sin embargo, tengo que reconocer, que lo que respecta a los servicios de la ciudad y a la amabilidad de sus gentes ha sido una gran decepci\u00f3n, ya que no he percibido que la ciudad estuviera preparada para acogernos, m\u00e1s bien todo lo contrario.<a href=\"\/trampolin-vida\/wp-content\/uploads\/sites\/62\/2015\/10\/53a_hb_5475a55ae6e1c2.png\"><img loading=\"lazy\" class=\"alignleft size-medium wp-image-566\" title=\"53a_hb_5475a55ae6e1c\" src=\"\/trampolin-vida\/wp-content\/uploads\/sites\/62\/2015\/10\/53a_hb_5475a55ae6e1c2.png\" alt=\"\" width=\"300\" height=\"192\" srcset=\"https:\/\/static-blogs.diariovasco.com\/wp-content\/uploads\/sites\/62\/2015\/10\/53a_hb_5475a55ae6e1c2.png 800w, https:\/\/static-blogs.diariovasco.com\/wp-content\/uploads\/sites\/62\/2015\/10\/53a_hb_5475a55ae6e1c2-300x192.png 300w, https:\/\/static-blogs.diariovasco.com\/wp-content\/uploads\/sites\/62\/2015\/10\/53a_hb_5475a55ae6e1c2-768x492.png 768w\" sizes=\"(max-width: 300px) 100vw, 300px\" \/><\/a><\/p>\n<p>Ha sido dif\u00edcil durante nuestra estancia encontrarnos con gente agradable o que simplemente sonriera cuando trat\u00e1bamos de relacionarnos con ellos, sin contar que en general, los servicios dejan mucho que desear, habi\u00e9ndonos encontrado con alguna situaci\u00f3n surrealista. Por ejemplo, tras esperar m\u00e1s de treinta y cinco minutos al autob\u00fas que nos conduc\u00eda de vuelta al aeropuerto, con los nervios\u00a0 que implica el llegar tarde a coger un vuelo, hemos tenido que aguantar una bronca hacia todos los pasajeros por parte del chofer en perfecto alem\u00e1n, sin que nadie entendiera el por qu\u00e9 ni nada de lo que se nos dec\u00eda. Y todos, significa personas de diferentes nacionalidades, que trat\u00e1bamos de explicarnos las causas entre nosotros.\u00a0Y tod<\/p>\n<p><img loading=\"lazy\" class=\"alignright size-medium wp-image-567\" title=\"article-a-correr-por-el-mundo-51d6c1c597a84\" src=\"\/trampolin-vida\/wp-content\/uploads\/sites\/62\/2015\/10\/article-a-correr-por-el-mundo-51d6c1c597a84.jpg\" alt=\"\" width=\"300\" height=\"239\" srcset=\"https:\/\/static-blogs.diariovasco.com\/wp-content\/uploads\/sites\/62\/2015\/10\/article-a-correr-por-el-mundo-51d6c1c597a84.jpg 644w, https:\/\/static-blogs.diariovasco.com\/wp-content\/uploads\/sites\/62\/2015\/10\/article-a-correr-por-el-mundo-51d6c1c597a84-300x239.jpg 300w\" sizes=\"(max-width: 300px) 100vw, 300px\" \/><\/p>\n<p>o lo acontecido, que por supuesto hemos tratado de tom\u00e1rnoslo con mucho humor, me ha llevado a una reflexi\u00f3n: Durante a\u00f1os nos han vendido la idea de que los alemanes eran el ejemplo de la eficiencia y la productividad, de que todos hablan ingl\u00e9s, mientras que nosotros somos unos vagos incompetentes. Pues tengo que decir que nos es as\u00ed, que adem\u00e1s de acoger muy bien a los turistas ofreciendo servicios de mejor calidad, somos capaces de hacerlo con mucha mayor amabilidad. Que aunque en algunos momentos, los for\u00e1neos nos quejemos del servicio de nuestras ciudades, en general, los servicios nuestros son de mayor calidad, y lo que es m\u00e1s importante, se ofrecen con una sonrisa en la boca. Est\u00e1 claro, que la distancia m\u00e1s peque\u00f1a entre las personas es la sonrisa, y si algo me ha quedado claro, es que a esta gente le falta mucho que aprender sobre la inteligencia emocional. Por favor no dejemos que nos vendan la moto de que ellos trabajan mejor y son m\u00e1s eficientes, porque lo que respecta al sector servicios tengo claro que tienen mucho que aprender y nosotros mucho que ense\u00f1ar, quiz\u00e1 por eso pasen sus vacaciones y jubilaciones entre nosotros. (Escrito en la bolsa de mareo del avi\u00f3n)<\/p>\n<!-- AddThis Advanced Settings generic via filter on the_content --><!-- AddThis Share Buttons generic via filter on the_content -->","protected":false},"excerpt":{"rendered":"<p>Hace unos d\u00edas tuve la oportunidad de viajar a Berl\u00edn para disfrutar de una prueba deportiva: el marat\u00f3n en patines que se celebra un d\u00eda antes que el de corredores. La ciudad se encontraba llena de deportistas que quer\u00edan participar en una de las carreras m\u00e1s importantes del mundo. Entre los dos d\u00edas participaban m\u00e1s [&hellip;]<!-- AddThis Advanced Settings generic via filter on get_the_excerpt --><!-- AddThis Share Buttons generic via filter on get_the_excerpt --><\/p>\n","protected":false},"author":93,"featured_media":0,"comment_status":"open","ping_status":"closed","sticky":false,"template":"","format":"standard","meta":[],"categories":[2],"tags":[],"_links":{"self":[{"href":"https:\/\/blogs.diariovasco.com\/trampolin-vida\/wp-json\/wp\/v2\/posts\/563"}],"collection":[{"href":"https:\/\/blogs.diariovasco.com\/trampolin-vida\/wp-json\/wp\/v2\/posts"}],"about":[{"href":"https:\/\/blogs.diariovasco.com\/trampolin-vida\/wp-json\/wp\/v2\/types\/post"}],"author":[{"embeddable":true,"href":"https:\/\/blogs.diariovasco.com\/trampolin-vida\/wp-json\/wp\/v2\/users\/93"}],"replies":[{"embeddable":true,"href":"https:\/\/blogs.diariovasco.com\/trampolin-vida\/wp-json\/wp\/v2\/comments?post=563"}],"version-history":[{"count":0,"href":"https:\/\/blogs.diariovasco.com\/trampolin-vida\/wp-json\/wp\/v2\/posts\/563\/revisions"}],"wp:attachment":[{"href":"https:\/\/blogs.diariovasco.com\/trampolin-vida\/wp-json\/wp\/v2\/media?parent=563"}],"wp:term":[{"taxonomy":"category","embeddable":true,"href":"https:\/\/blogs.diariovasco.com\/trampolin-vida\/wp-json\/wp\/v2\/categories?post=563"},{"taxonomy":"post_tag","embeddable":true,"href":"https:\/\/blogs.diariovasco.com\/trampolin-vida\/wp-json\/wp\/v2\/tags?post=563"}],"curies":[{"name":"wp","href":"https:\/\/api.w.org\/{rel}","templated":true}]}}