{"id":574,"date":"2015-10-21T07:00:37","date_gmt":"2015-10-21T05:00:37","guid":{"rendered":"http:\/\/blogs.diariovasco.com\/trampolin-vida\/?p=574"},"modified":"2015-10-21T07:00:37","modified_gmt":"2015-10-21T05:00:37","slug":"problemas-de-actualizacion","status":"publish","type":"post","link":"https:\/\/blogs.diariovasco.com\/trampolin-vida\/2015\/10\/21\/problemas-de-actualizacion\/","title":{"rendered":"Problemas de actualizaci\u00f3n"},"content":{"rendered":"<p>Sigo con mis problemas inform\u00e1ticos y de conexi\u00f3n al mundo on line, de hecho estoy a pocas horas de que salga este post, como todas las semanas los mi\u00e9rcoles a las 7:00 de la ma\u00f1ana, y no s\u00e9 si voy a poder subirlo a tiempo. Tras dos a\u00f1os con el blog, ser\u00eda la primera vez que no lo hago, y todo por haber actualizado hace unos d\u00edas el programa inform\u00e1tico. Como cuento, llevaba varios d\u00edas, sino semanas, apareci\u00e9ndome un mensaje sobre una nueva versi\u00f3n del software que utiliza el ordenador, que por cierto, tambi\u00e9n es<\/p>\n<p><img loading=\"lazy\" class=\"alignleft size-medium wp-image-575\" title=\"1424736939_057899_1427103934_noticia_normal\" src=\"\/trampolin-vida\/wp-content\/uploads\/sites\/62\/2015\/10\/1424736939_057899_1427103934_noticia_normal.jpg\" alt=\"\" width=\"300\" height=\"201\" srcset=\"https:\/\/static-blogs.diariovasco.com\/wp-content\/uploads\/sites\/62\/2015\/10\/1424736939_057899_1427103934_noticia_normal.jpg 770w, https:\/\/static-blogs.diariovasco.com\/wp-content\/uploads\/sites\/62\/2015\/10\/1424736939_057899_1427103934_noticia_normal-300x202.jpg 300w, https:\/\/static-blogs.diariovasco.com\/wp-content\/uploads\/sites\/62\/2015\/10\/1424736939_057899_1427103934_noticia_normal-768x517.jpg 768w\" sizes=\"(max-width: 300px) 100vw, 300px\" \/>\u00a0nuevo. Harta de ver los mensajes, y pensando que es positivo avanzar y actualizarse, le di al &#8220;bot\u00f3n&#8221; de <strong>acceder<\/strong>, sin saber que desde ese momento no iba a poder acceder a los programas que ten\u00eda y que utilizo diariamente para desarrollar mi trabajo. El caso, es que llevo varios d\u00edas &#8220;impedida&#8221; en el manejo de estas herramientas, hablando con la compa\u00f1\u00eda responsable, la cual cada vez me ofrece diferentes soluciones, pero que hasta la fecha, ninguna me ha llevado a arreglar el problema. Conversaciones, que por cierto parecen sean efectuadas desde ultratumba, ya que las l\u00edneas son mal\u00edsimas y dificultan mucho la comunicaci\u00f3n, lo que me lleva a sentirme impotente e in\u00fatil por no poder solucionar el problema.<a href=\"\/trampolin-vida\/wp-content\/uploads\/sites\/62\/2015\/10\/spear-phishing_560x280.jpg\"><img loading=\"lazy\" class=\"alignright size-medium wp-image-576\" title=\"spear-phishing_560x280\" src=\"\/trampolin-vida\/wp-content\/uploads\/sites\/62\/2015\/10\/spear-phishing_560x280.jpg\" alt=\"\" width=\"300\" height=\"150\" srcset=\"https:\/\/static-blogs.diariovasco.com\/wp-content\/uploads\/sites\/62\/2015\/10\/spear-phishing_560x280.jpg 560w, https:\/\/static-blogs.diariovasco.com\/wp-content\/uploads\/sites\/62\/2015\/10\/spear-phishing_560x280-300x150.jpg 300w\" sizes=\"(max-width: 300px) 100vw, 300px\" \/><\/a><\/p>\n<p>Por supuesto, no voy a decir que no haya que <strong>actualizar<\/strong> la tecnolog\u00eda que utilizamos, pero s\u00ed me gustar\u00eda que si es tan f\u00e1cil para estas empresas acceder a nuestros dispositivos para realizar cambios, tambi\u00e9n lo sea y pongan el mismo empe\u00f1o para restablecer lo que hayan modificado, sin que por ello tengas que sentirte mal por no saberlo o no poderlo hacer t\u00fa misma. Quien utilice estas herramientas para temas personales quiz\u00e1 no entienda la frustraci\u00f3n que siento en este momento, ya que mi trabajo se est\u00e1 viendo perjudicado en los \u00faltimos d\u00edas, pero como lo importante es seguir adelante y lograr que las cosas se hagan, continuar\u00e9 intent\u00e1ndolo y buscar alternativas para conseguirlo, como por ejemplo escribir directamente el post en la web o hacer lo posible para que mis clientes no se vean afectados.<\/p>\n<!-- AddThis Advanced Settings generic via filter on the_content --><!-- AddThis Share Buttons generic via filter on the_content -->","protected":false},"excerpt":{"rendered":"<p>Sigo con mis problemas inform\u00e1ticos y de conexi\u00f3n al mundo on line, de hecho estoy a pocas horas de que salga este post, como todas las semanas los mi\u00e9rcoles a las 7:00 de la ma\u00f1ana, y no s\u00e9 si voy a poder subirlo a tiempo. Tras dos a\u00f1os con el blog, ser\u00eda la primera vez [&hellip;]<!-- AddThis Advanced Settings generic via filter on get_the_excerpt --><!-- AddThis Share Buttons generic via filter on get_the_excerpt --><\/p>\n","protected":false},"author":93,"featured_media":0,"comment_status":"open","ping_status":"closed","sticky":false,"template":"","format":"standard","meta":[],"categories":[2],"tags":[],"_links":{"self":[{"href":"https:\/\/blogs.diariovasco.com\/trampolin-vida\/wp-json\/wp\/v2\/posts\/574"}],"collection":[{"href":"https:\/\/blogs.diariovasco.com\/trampolin-vida\/wp-json\/wp\/v2\/posts"}],"about":[{"href":"https:\/\/blogs.diariovasco.com\/trampolin-vida\/wp-json\/wp\/v2\/types\/post"}],"author":[{"embeddable":true,"href":"https:\/\/blogs.diariovasco.com\/trampolin-vida\/wp-json\/wp\/v2\/users\/93"}],"replies":[{"embeddable":true,"href":"https:\/\/blogs.diariovasco.com\/trampolin-vida\/wp-json\/wp\/v2\/comments?post=574"}],"version-history":[{"count":0,"href":"https:\/\/blogs.diariovasco.com\/trampolin-vida\/wp-json\/wp\/v2\/posts\/574\/revisions"}],"wp:attachment":[{"href":"https:\/\/blogs.diariovasco.com\/trampolin-vida\/wp-json\/wp\/v2\/media?parent=574"}],"wp:term":[{"taxonomy":"category","embeddable":true,"href":"https:\/\/blogs.diariovasco.com\/trampolin-vida\/wp-json\/wp\/v2\/categories?post=574"},{"taxonomy":"post_tag","embeddable":true,"href":"https:\/\/blogs.diariovasco.com\/trampolin-vida\/wp-json\/wp\/v2\/tags?post=574"}],"curies":[{"name":"wp","href":"https:\/\/api.w.org\/{rel}","templated":true}]}}