{"id":582,"date":"2015-11-04T07:00:10","date_gmt":"2015-11-04T06:00:10","guid":{"rendered":"http:\/\/blogs.diariovasco.com\/trampolin-vida\/?p=582"},"modified":"2015-11-04T07:00:10","modified_gmt":"2015-11-04T06:00:10","slug":"sugerencias-de-nuestros-hijos-alicia-en-el-pais-de-las-maravillas","status":"publish","type":"post","link":"https:\/\/blogs.diariovasco.com\/trampolin-vida\/2015\/11\/04\/sugerencias-de-nuestros-hijos-alicia-en-el-pais-de-las-maravillas\/","title":{"rendered":"Sugerencias de nuestros hijos: Alicia en el pa\u00eds de las maravillas"},"content":{"rendered":"<p>El otro d\u00eda mi hijo se <strong>empe\u00f1\u00f3<\/strong> en ver esta pel\u00edcula cuando a m\u00ed no me apetec\u00eda nada, pero sin embargo, fue un acierto verla. Estaba cansada, sin ganas de concentrarme en nada, y con mucha pereza de ponerme a ver una historia que conozco pero de la que no sab\u00eda tanto como cre\u00eda.<a href=\"\/trampolin-vida\/wp-content\/uploads\/sites\/62\/2015\/11\/206-1-alicia-en-el-pais-de-las-maravillas-p1.jpg\"><img loading=\"lazy\" class=\"alignleft size-medium wp-image-583\" title=\"206-1-alicia-en-el-pais-de-las-maravillas-p1\" src=\"\/trampolin-vida\/wp-content\/uploads\/sites\/62\/2015\/11\/206-1-alicia-en-el-pais-de-las-maravillas-p1.jpg\" alt=\"\" width=\"300\" height=\"117\" srcset=\"https:\/\/static-blogs.diariovasco.com\/wp-content\/uploads\/sites\/62\/2015\/11\/206-1-alicia-en-el-pais-de-las-maravillas-p1.jpg 1024w, https:\/\/static-blogs.diariovasco.com\/wp-content\/uploads\/sites\/62\/2015\/11\/206-1-alicia-en-el-pais-de-las-maravillas-p1-300x117.jpg 300w, https:\/\/static-blogs.diariovasco.com\/wp-content\/uploads\/sites\/62\/2015\/11\/206-1-alicia-en-el-pais-de-las-maravillas-p1-768x300.jpg 768w\" sizes=\"(max-width: 300px) 100vw, 300px\" \/><\/a><\/p>\n<p>Empezamos a verla tras su insistencia, y result\u00f3 ser una <strong>experiencia<\/strong> muy buena tanto para \u00e9l, como para mi, ya que comenzamos a analizar el contenido de la misma de una forma divertida. \u00c9l ya la hab\u00eda visto, y le hab\u00eda gustado la historia, pero al verla juntos y empezar a comentarla, terminamos dialogando sobre la edad victoriana y lo que esta signific\u00f3, meti\u00e9ndonos en internet para saber de su simbolog\u00eda y hablar del tema. El resultado fue muy enriquecedor para los dos, ya que comentamos lo que Lewis quiso contar con este cuento. Nos reconducimos a hace 150 a\u00f1os, hablando de c\u00f3mo era la sociedad de ese momento, y lo que supon\u00eda. Gracias a las preguntas de mi hijo, yo misma fui aprendiendo a medida que iba respondiendo, muchas veces mirando en el m\u00f3vil las respuestas, como lo que significaba en ese momento cada personaje y las denuncias que el autor hacia sobre la sociedad en la que viv\u00eda.<a href=\"\/trampolin-vida\/wp-content\/uploads\/sites\/62\/2015\/11\/descarga-17.jpg\"><img loading=\"lazy\" class=\"alignright size-full wp-image-584\" title=\"descarga-17\" src=\"\/trampolin-vida\/wp-content\/uploads\/sites\/62\/2015\/11\/descarga-17.jpg\" alt=\"\" width=\"269\" height=\"188\" \/><\/a><\/p>\n<p>Dejarnos llevar por las sugerencias de nuestros hijos, muchas veces nos da pereza, pero tambi\u00e9n nos supone momentos en los que descubrimos nuevos conocimientos que compartir, valores para transmitir y debates que mantener. Ense\u00f1arles lo que sabemos o incluso lo que en ese momento vamos aprendiendo gracias a poder mirar en internet, no s\u00f3lo nos posibilita el transmitir conocimientos a nuestros hijos, tambi\u00e9n el aprender a <strong>comunicarnos<\/strong>, algo que cada vez nos cuesta m\u00e1s, bien porque no tenemos tiempo o porque no sabemos \u00a0c\u00f3mo hacerlo. Mantener una conversaci\u00f3n en torno a un tema que a ellos les gusta ayuda a ense\u00f1arles a escuchar y a que expresen sus ideas. Por este motivo, es buena idea dejarnos llevar por sus sugerencias y escucharles lo que quieren, para as\u00ed hacerles m\u00e1s atractiva la forma de transmitir los valores que consideramos necesarios. Tener la oportunidad de entablar un di\u00e1logo con ellos, tengan la edad que tengan, siempre va a ser enriquecedor. Con cada edad nos van a requerir actividades diferentes o distintas propuestas, pero de cualquiera de ellas podemos sacar una oportunidad para aprovechar a hablar con ellos.<\/p>\n<!-- AddThis Advanced Settings generic via filter on the_content --><!-- AddThis Share Buttons generic via filter on the_content -->","protected":false},"excerpt":{"rendered":"<p>El otro d\u00eda mi hijo se empe\u00f1\u00f3 en ver esta pel\u00edcula cuando a m\u00ed no me apetec\u00eda nada, pero sin embargo, fue un acierto verla. Estaba cansada, sin ganas de concentrarme en nada, y con mucha pereza de ponerme a ver una historia que conozco pero de la que no sab\u00eda tanto como cre\u00eda. Empezamos [&hellip;]<!-- AddThis Advanced Settings generic via filter on get_the_excerpt --><!-- AddThis Share Buttons generic via filter on get_the_excerpt --><\/p>\n","protected":false},"author":93,"featured_media":0,"comment_status":"open","ping_status":"closed","sticky":false,"template":"","format":"standard","meta":[],"categories":[2],"tags":[],"_links":{"self":[{"href":"https:\/\/blogs.diariovasco.com\/trampolin-vida\/wp-json\/wp\/v2\/posts\/582"}],"collection":[{"href":"https:\/\/blogs.diariovasco.com\/trampolin-vida\/wp-json\/wp\/v2\/posts"}],"about":[{"href":"https:\/\/blogs.diariovasco.com\/trampolin-vida\/wp-json\/wp\/v2\/types\/post"}],"author":[{"embeddable":true,"href":"https:\/\/blogs.diariovasco.com\/trampolin-vida\/wp-json\/wp\/v2\/users\/93"}],"replies":[{"embeddable":true,"href":"https:\/\/blogs.diariovasco.com\/trampolin-vida\/wp-json\/wp\/v2\/comments?post=582"}],"version-history":[{"count":0,"href":"https:\/\/blogs.diariovasco.com\/trampolin-vida\/wp-json\/wp\/v2\/posts\/582\/revisions"}],"wp:attachment":[{"href":"https:\/\/blogs.diariovasco.com\/trampolin-vida\/wp-json\/wp\/v2\/media?parent=582"}],"wp:term":[{"taxonomy":"category","embeddable":true,"href":"https:\/\/blogs.diariovasco.com\/trampolin-vida\/wp-json\/wp\/v2\/categories?post=582"},{"taxonomy":"post_tag","embeddable":true,"href":"https:\/\/blogs.diariovasco.com\/trampolin-vida\/wp-json\/wp\/v2\/tags?post=582"}],"curies":[{"name":"wp","href":"https:\/\/api.w.org\/{rel}","templated":true}]}}