{"id":594,"date":"2015-11-25T07:00:57","date_gmt":"2015-11-25T06:00:57","guid":{"rendered":"http:\/\/blogs.diariovasco.com\/trampolin-vida\/?p=594"},"modified":"2015-11-25T07:00:57","modified_gmt":"2015-11-25T06:00:57","slug":"como-lograr-que-tus-empleados-te-hagan-caso","status":"publish","type":"post","link":"https:\/\/blogs.diariovasco.com\/trampolin-vida\/2015\/11\/25\/como-lograr-que-tus-empleados-te-hagan-caso\/","title":{"rendered":"\u00bfC\u00f3mo lograr que tus empleados te hagan caso?"},"content":{"rendered":"<p>El otro d\u00eda un empresario me comentaba la desesperaci\u00f3n que sinti\u00f3 cuando un trabajador de su propia empresa le dijo que no se pod\u00eda realizar un trabajo que \u00e9l sab\u00eda perfectamente que se pod\u00eda hacer y c\u00f3mo hacerlo. Tuvo que contestarle que era posible y que si \u00e9l no era capaz, \u00a0le pod\u00eda ense\u00f1ar, pero que por favor no dijera que no sin cerciorarse de antemano. El enfado y la preocupaci\u00f3n de mi cliente no viene s\u00f3lo porque le contestara a \u00e9l que no, sino porque se temi\u00f3 todas las veces que a los clientes se les daba esta respuesta cuando los proyectos que se propon\u00edan eran posibles, eliminando la posibilidad de lograr m\u00e1s trabajo para la empresa, y dando una mala imagen de esta. Cuando el cliente consiguiera que le hicieran el trabajo en la competencia, probablemente su opini\u00f3n sobre esta empresa no ser\u00eda buena, y casi seguro que no volver\u00eda a contar con ellos. Cualquier empresario sabe la importancia de <strong>fidelizar<\/strong> un cliente, porque si ya es dif\u00edcil conseguir uno nuevo, m\u00e1s dif\u00edcil es lograr que se quede.<a href=\"\/trampolin-vida\/wp-content\/uploads\/sites\/62\/2015\/11\/como-lidiar-con-un-jefe-terrible.jpg\"><img loading=\"lazy\" class=\"alignleft size-medium wp-image-595\" title=\"como-lidiar-con-un-jefe-terrible\" src=\"\/trampolin-vida\/wp-content\/uploads\/sites\/62\/2015\/11\/como-lidiar-con-un-jefe-terrible.jpg\" alt=\"\" width=\"300\" height=\"172\" srcset=\"https:\/\/static-blogs.diariovasco.com\/wp-content\/uploads\/sites\/62\/2015\/11\/como-lidiar-con-un-jefe-terrible.jpg 340w, https:\/\/static-blogs.diariovasco.com\/wp-content\/uploads\/sites\/62\/2015\/11\/como-lidiar-con-un-jefe-terrible-300x172.jpg 300w\" sizes=\"(max-width: 300px) 100vw, 300px\" \/><\/a><\/p>\n<p>Por este motivo, este empresario ha decidido <strong>\u201cinvertir\u201d<\/strong> <strong>tiempo<\/strong> en explicar a sus trabajadores todos sus conocimientos, haciendo que sean una prolongaci\u00f3n de \u00e9l mismo, al menos en cuanto a su experiencia profesional, o al menos, lo que se puede transmitir de esta, y sobre todo, hacerles entender que antes que decir que no a un cliente, hay que buscar otras alternativas para llevar a cabo los proyectos. Quiere hacerles entender, la importancia de dar buena imagen de la empresa, de lograr nuevos proyectos con nuevos clientes y de fidelizar a los que ya tienen. Que el beneficio de la empresa se traslade al de cada uno de sus componentes, y la importancia de que remen todos a una. <a href=\"\/trampolin-vida\/wp-content\/uploads\/sites\/62\/2015\/11\/images-4.jpg\"><img loading=\"lazy\" class=\"alignright size-full wp-image-596\" title=\"images (4)\" src=\"\/trampolin-vida\/wp-content\/uploads\/sites\/62\/2015\/11\/images-4.jpg\" alt=\"\" width=\"255\" height=\"198\" \/><\/a>Por supuesto, esto es lo que quiere cualquier empresario, pero no siempre es f\u00e1cil transmitir estas ideas y la motivaci\u00f3n suficiente para lograrlo. Si as\u00ed fuera, se evitar\u00edan muchos problemas en muchas empresas, pero como debemos pensar en positivo y en avanzar, esta persona se ha propuesto dedicar unas horas a la semana exclusivamente a este prop\u00f3sito, sabiendo que cuando lo consiga lo invertido le retornar\u00e1 de forma exponencial haciendo que la involucraci\u00f3n de sus trabajadores sea mucho mayor y por lo tanto los resultados del balance a final de a\u00f1o tambi\u00e9n. Adem\u00e1s, aunque siempre deber\u00e1 estar presente en este objetivo, podr\u00e1 disponer de m\u00e1s tiempo para dedicarlo a que la empresa contin\u00fae avanzando de forma innovadora.<\/p>\n<p>&nbsp;<\/p>\n<!-- AddThis Advanced Settings generic via filter on the_content --><!-- AddThis Share Buttons generic via filter on the_content -->","protected":false},"excerpt":{"rendered":"<p>El otro d\u00eda un empresario me comentaba la desesperaci\u00f3n que sinti\u00f3 cuando un trabajador de su propia empresa le dijo que no se pod\u00eda realizar un trabajo que \u00e9l sab\u00eda perfectamente que se pod\u00eda hacer y c\u00f3mo hacerlo. Tuvo que contestarle que era posible y que si \u00e9l no era capaz, \u00a0le pod\u00eda ense\u00f1ar, pero [&hellip;]<!-- AddThis Advanced Settings generic via filter on get_the_excerpt --><!-- AddThis Share Buttons generic via filter on get_the_excerpt --><\/p>\n","protected":false},"author":93,"featured_media":0,"comment_status":"open","ping_status":"closed","sticky":false,"template":"","format":"standard","meta":[],"categories":[2],"tags":[],"_links":{"self":[{"href":"https:\/\/blogs.diariovasco.com\/trampolin-vida\/wp-json\/wp\/v2\/posts\/594"}],"collection":[{"href":"https:\/\/blogs.diariovasco.com\/trampolin-vida\/wp-json\/wp\/v2\/posts"}],"about":[{"href":"https:\/\/blogs.diariovasco.com\/trampolin-vida\/wp-json\/wp\/v2\/types\/post"}],"author":[{"embeddable":true,"href":"https:\/\/blogs.diariovasco.com\/trampolin-vida\/wp-json\/wp\/v2\/users\/93"}],"replies":[{"embeddable":true,"href":"https:\/\/blogs.diariovasco.com\/trampolin-vida\/wp-json\/wp\/v2\/comments?post=594"}],"version-history":[{"count":0,"href":"https:\/\/blogs.diariovasco.com\/trampolin-vida\/wp-json\/wp\/v2\/posts\/594\/revisions"}],"wp:attachment":[{"href":"https:\/\/blogs.diariovasco.com\/trampolin-vida\/wp-json\/wp\/v2\/media?parent=594"}],"wp:term":[{"taxonomy":"category","embeddable":true,"href":"https:\/\/blogs.diariovasco.com\/trampolin-vida\/wp-json\/wp\/v2\/categories?post=594"},{"taxonomy":"post_tag","embeddable":true,"href":"https:\/\/blogs.diariovasco.com\/trampolin-vida\/wp-json\/wp\/v2\/tags?post=594"}],"curies":[{"name":"wp","href":"https:\/\/api.w.org\/{rel}","templated":true}]}}