{"id":607,"date":"2015-12-16T07:00:58","date_gmt":"2015-12-16T06:00:58","guid":{"rendered":"http:\/\/blogs.diariovasco.com\/trampolin-vida\/?p=607"},"modified":"2015-12-16T07:00:58","modified_gmt":"2015-12-16T06:00:58","slug":"finalizando-el-ano","status":"publish","type":"post","link":"https:\/\/blogs.diariovasco.com\/trampolin-vida\/2015\/12\/16\/finalizando-el-ano\/","title":{"rendered":"Finalizando el a\u00f1o"},"content":{"rendered":"<p>Esta semana es la \u00faltima semana en la que se trabaja todos los d\u00edas, es decir, sin festivos de por medio, despu\u00e9s de haber tenido un puente, y donde nos quedan otras dos semanas con puentes incluidos. Si algo quedaba por hacer este a\u00f1o, es en estos d\u00edas cuando hay que finalizarlo, ya que a partir de este viernes, la mitad de las personas se encuentran o de vacaciones o en plena campa\u00f1a navide\u00f1a, lo que impide que se pueda conseguir f\u00e1cilmente cumplir con los prop\u00f3sitos establecidos.<a href=\"\/trampolin-vida\/wp-content\/uploads\/sites\/62\/2015\/12\/trabajo_en_equipo-1.jpg\"><img loading=\"lazy\" class=\"alignleft size-medium wp-image-608\" title=\"trabajo_en_equipo-1\" src=\"\/trampolin-vida\/wp-content\/uploads\/sites\/62\/2015\/12\/trabajo_en_equipo-1.jpg\" alt=\"\" width=\"300\" height=\"199\" srcset=\"https:\/\/static-blogs.diariovasco.com\/wp-content\/uploads\/sites\/62\/2015\/12\/trabajo_en_equipo-1.jpg 425w, https:\/\/static-blogs.diariovasco.com\/wp-content\/uploads\/sites\/62\/2015\/12\/trabajo_en_equipo-1-300x199.jpg 300w\" sizes=\"(max-width: 300px) 100vw, 300px\" \/><\/a><\/p>\n<p>Es la semana para repasar y valorar qu\u00e9 es lo que quer\u00edamos hacer durante estos doce meses y qu\u00e9 hemos hecho. En el caso de ser de una empresa o un equipo de trabajo o deportivo, podemos reunirnos y <strong>consensuar<\/strong> entre todos los resultados obtenidos a lo largo del a\u00f1o, y si son temas personales, pararnos unos instantes para reflexionar y auto-evaluar nuestro rendimiento. Se trata de ser sinceros con nosotros mismos o con nuestro equipo y analizar lo ocurrido, sin justificaciones que no nos llevan a ning\u00fan sitio. A veces, perdemos mucho tiempo dando explicaciones sobre lo que no hemos hecho o porque no lo hemos realizado, y esto tan s\u00f3lo hace que perdamos energ\u00eda y no avancemos. Querer justificar algo no nos conduce a nuestra meta, tan s\u00f3lo esconde el verdadero motivo por el cual no se ha realizado, y dificulta que en un futuro lo logremos.<a href=\"\/trampolin-vida\/wp-content\/uploads\/sites\/62\/2015\/12\/images-6.jpg\"><img loading=\"lazy\" class=\"alignright size-full wp-image-609\" title=\"images (6)\" src=\"\/trampolin-vida\/wp-content\/uploads\/sites\/62\/2015\/12\/images-6.jpg\" alt=\"\" width=\"293\" height=\"172\" \/><\/a><\/p>\n<p>Por lo tanto, tras haber realizado este sincero an\u00e1lisis, podemos destacar lo que s\u00ed hemos hecho y c\u00f3mo lo hemos hecho, para que de esta forma adquiramos informaci\u00f3n \u00fatil y poder continuar. Si sabemos lo que hemos sido capaces de realizar bien, en lo que hemos tenido \u00e9xito, aunque se nos hayan quedado otras cuestiones en el tintero, podremos encontrar la forma de superar los obst\u00e1culos y llevarlo a cabo. Es muy importante en esta etapa, que sepamos <strong>aplaudir <\/strong>nuestro propio esfuerzo y el del equipo, a la vez que seamos cr\u00edticos y justos con lo realizado. Ahora es el momento de valorar el rendimiento de todo el a\u00f1o en su conjunto y de plantearnos los cambios que debemos realizar para poder ser m\u00e1s efectivos el siguiente, o mantener la misma l\u00ednea de trabajo, en el caso en el que nos haya funcionado bien. Dejar reposar estas ideas durante las dos pr\u00f3ximas semanas navide\u00f1as nos a permitir tomar las primeras decisiones acertadas tras las vacaciones, al comienzo del a\u00f1o que bien.<\/p>\n<!-- AddThis Advanced Settings generic via filter on the_content --><!-- AddThis Share Buttons generic via filter on the_content -->","protected":false},"excerpt":{"rendered":"<p>Esta semana es la \u00faltima semana en la que se trabaja todos los d\u00edas, es decir, sin festivos de por medio, despu\u00e9s de haber tenido un puente, y donde nos quedan otras dos semanas con puentes incluidos. Si algo quedaba por hacer este a\u00f1o, es en estos d\u00edas cuando hay que finalizarlo, ya que a [&hellip;]<!-- AddThis Advanced Settings generic via filter on get_the_excerpt --><!-- AddThis Share Buttons generic via filter on get_the_excerpt --><\/p>\n","protected":false},"author":93,"featured_media":0,"comment_status":"open","ping_status":"closed","sticky":false,"template":"","format":"standard","meta":[],"categories":[2],"tags":[],"_links":{"self":[{"href":"https:\/\/blogs.diariovasco.com\/trampolin-vida\/wp-json\/wp\/v2\/posts\/607"}],"collection":[{"href":"https:\/\/blogs.diariovasco.com\/trampolin-vida\/wp-json\/wp\/v2\/posts"}],"about":[{"href":"https:\/\/blogs.diariovasco.com\/trampolin-vida\/wp-json\/wp\/v2\/types\/post"}],"author":[{"embeddable":true,"href":"https:\/\/blogs.diariovasco.com\/trampolin-vida\/wp-json\/wp\/v2\/users\/93"}],"replies":[{"embeddable":true,"href":"https:\/\/blogs.diariovasco.com\/trampolin-vida\/wp-json\/wp\/v2\/comments?post=607"}],"version-history":[{"count":0,"href":"https:\/\/blogs.diariovasco.com\/trampolin-vida\/wp-json\/wp\/v2\/posts\/607\/revisions"}],"wp:attachment":[{"href":"https:\/\/blogs.diariovasco.com\/trampolin-vida\/wp-json\/wp\/v2\/media?parent=607"}],"wp:term":[{"taxonomy":"category","embeddable":true,"href":"https:\/\/blogs.diariovasco.com\/trampolin-vida\/wp-json\/wp\/v2\/categories?post=607"},{"taxonomy":"post_tag","embeddable":true,"href":"https:\/\/blogs.diariovasco.com\/trampolin-vida\/wp-json\/wp\/v2\/tags?post=607"}],"curies":[{"name":"wp","href":"https:\/\/api.w.org\/{rel}","templated":true}]}}