{"id":614,"date":"2015-12-23T07:00:05","date_gmt":"2015-12-23T06:00:05","guid":{"rendered":"http:\/\/blogs.diariovasco.com\/trampolin-vida\/?p=614"},"modified":"2015-12-23T07:00:05","modified_gmt":"2015-12-23T06:00:05","slug":"614","status":"publish","type":"post","link":"https:\/\/blogs.diariovasco.com\/trampolin-vida\/2015\/12\/23\/614\/","title":{"rendered":""},"content":{"rendered":"<p>Ya ha pasado un a\u00f1o y volvemos a estar otra vez en estas fechas de paz y de alegr\u00eda, que a menudo se convierten en fechas de estr\u00e9s y tristeza. Por una parte, son d\u00edas que nos traen muchos <strong>recuerdos<\/strong>, y estos a veces, nos entristecen, aunque en este aspecto considero que podr\u00edamos reconducir estos recuerdos para quedarnos con lo bueno, y aunque echemos en falta a personas, aprendamos a hacerlo desde la tranquilidad.<a href=\"\/trampolin-vida\/wp-content\/uploads\/sites\/62\/2015\/12\/image.jpeg\"><img loading=\"lazy\" class=\"alignleft size-medium wp-image-616\" title=\"image\" src=\"\/trampolin-vida\/wp-content\/uploads\/sites\/62\/2015\/12\/image.jpg\" alt=\"\" width=\"300\" height=\"225\" \/><\/a><\/p>\n<p>Por otra parte, son momentos de reencuentros, de comidas, cenas y muchos aperitivos, de compras y preparativos, lo que nos lleva a continuar corriendo de un lado para otro, y en muchas ocasiones a sentirnos a\u00fan m\u00e1s estresados que en d\u00edas de trabajo. Por supuesto, esto se multiplica para aquellas personas que no pueden coger vacaciones, y que muchas de estas celebraciones se realizan en sus casas. Tengo clientes, y sobre todo clientas, que dicen cansarse m\u00e1s durante los d\u00edas de fiesta y est\u00e1n deseando que llegue la normalidad el 7 de Enero. S\u00e9 que este es un tema muy manido, pero no por ello deja de repetirse cada a\u00f1o. Las personas que viven estas fechas cargadas de compromisos pueden optar por dejar estos a un lado, ser responsables de nuestras vidas nos permite elegir a d\u00f3nde queremos ir y lo que queremos hacer, pensando en nosotros y en lo que necesitamos, sin importarnos lo que los dem\u00e1s opinen, porque adem\u00e1s, en la mayor\u00eda de los casos, suelen ser actitudes que se comparten. Es como si todos <strong>camin\u00e1ramos por una senda<\/strong> que no es la acertada y nadie se atreviera a salir de ella por miedo a qu\u00e9 pensaran los dem\u00e1s, cuando la mayor\u00eda saben que van por el camino equivocado. Ser atrevido y capaz de cortar con ciertas situaciones que nos agobian, nos va a permitir que estemos m\u00e1s tranquilos, disfrutemos m\u00e1s de las vacaciones y adem\u00e1s nos sintamos bien con nosotros mismos por ser capaces de hacerlo.<a href=\"\/trampolin-vida\/wp-content\/uploads\/sites\/62\/2015\/12\/image-11.jpeg\"><img loading=\"lazy\" class=\"alignright size-medium wp-image-617\" title=\"image (1)\" src=\"\/trampolin-vida\/wp-content\/uploads\/sites\/62\/2015\/12\/image-11.jpg\" alt=\"\" width=\"300\" height=\"199\" \/><\/a><\/p>\n<p>Cuando seamos verdaderamente conscientes de que en estas circunstancias podemos hacer lo que elegimos y sentirnos satisfechos por ello, ser\u00e1 cuando m\u00e1s disfrutemos de estas fechas, independientemente de los recuerdos que nos traigan, de si queremos celebrarlas o no, y de c\u00f3mo lo hagamos. Hagamos que estas fechas sean de verdad para nuestra alma un momento de <strong>paz y felicidad<\/strong>.<\/p>\n<!-- AddThis Advanced Settings generic via filter on the_content --><!-- AddThis Share Buttons generic via filter on the_content -->","protected":false},"excerpt":{"rendered":"<p>Ya ha pasado un a\u00f1o y volvemos a estar otra vez en estas fechas de paz y de alegr\u00eda, que a menudo se convierten en fechas de estr\u00e9s y tristeza. Por una parte, son d\u00edas que nos traen muchos recuerdos, y estos a veces, nos entristecen, aunque en este aspecto considero que podr\u00edamos reconducir estos [&hellip;]<!-- AddThis Advanced Settings generic via filter on get_the_excerpt --><!-- AddThis Share Buttons generic via filter on get_the_excerpt --><\/p>\n","protected":false},"author":93,"featured_media":0,"comment_status":"open","ping_status":"closed","sticky":false,"template":"","format":"standard","meta":[],"categories":[2],"tags":[],"_links":{"self":[{"href":"https:\/\/blogs.diariovasco.com\/trampolin-vida\/wp-json\/wp\/v2\/posts\/614"}],"collection":[{"href":"https:\/\/blogs.diariovasco.com\/trampolin-vida\/wp-json\/wp\/v2\/posts"}],"about":[{"href":"https:\/\/blogs.diariovasco.com\/trampolin-vida\/wp-json\/wp\/v2\/types\/post"}],"author":[{"embeddable":true,"href":"https:\/\/blogs.diariovasco.com\/trampolin-vida\/wp-json\/wp\/v2\/users\/93"}],"replies":[{"embeddable":true,"href":"https:\/\/blogs.diariovasco.com\/trampolin-vida\/wp-json\/wp\/v2\/comments?post=614"}],"version-history":[{"count":0,"href":"https:\/\/blogs.diariovasco.com\/trampolin-vida\/wp-json\/wp\/v2\/posts\/614\/revisions"}],"wp:attachment":[{"href":"https:\/\/blogs.diariovasco.com\/trampolin-vida\/wp-json\/wp\/v2\/media?parent=614"}],"wp:term":[{"taxonomy":"category","embeddable":true,"href":"https:\/\/blogs.diariovasco.com\/trampolin-vida\/wp-json\/wp\/v2\/categories?post=614"},{"taxonomy":"post_tag","embeddable":true,"href":"https:\/\/blogs.diariovasco.com\/trampolin-vida\/wp-json\/wp\/v2\/tags?post=614"}],"curies":[{"name":"wp","href":"https:\/\/api.w.org\/{rel}","templated":true}]}}