{"id":619,"date":"2015-12-30T07:00:50","date_gmt":"2015-12-30T06:00:50","guid":{"rendered":"http:\/\/blogs.diariovasco.com\/trampolin-vida\/?p=619"},"modified":"2015-12-30T07:00:50","modified_gmt":"2015-12-30T06:00:50","slug":"con-amigos-o-con-la-familia","status":"publish","type":"post","link":"https:\/\/blogs.diariovasco.com\/trampolin-vida\/2015\/12\/30\/con-amigos-o-con-la-familia\/","title":{"rendered":"\u00bfCon amigos o con la familia?"},"content":{"rendered":"<p>Parece ser que la Nochebuena tenemos bastante claro c\u00f3mo pasarla, al menos la mayor\u00eda, y es con la familia. Por supuesto, hay quien bien porque sus parientes no est\u00e1n cerca, o bien porque prefieren la compa\u00f1\u00eda de los amigos, optan por esta alternativa, incluso los hay que deciden no celebrarlo y quedarse solos. Pero es verdad, que la Nochebuena se asocia con una celebraci\u00f3n <strong>familiar<\/strong>, donde cada uno hace el esfuerzo por reunirse y compartir la mesa con sus allegados, haciendo que las tradiciones se mantengan y la familia permanezca unida.<a href=\"\/trampolin-vida\/wp-content\/uploads\/sites\/62\"><img loading=\"lazy\" class=\"alignleft size-medium wp-image-620\" title=\"1\" src=\"\/trampolin-vida\/wp-content\/uploads\/sites\/62\/2015\/12\/1.jpg\" alt=\"\" width=\"300\" height=\"131\" srcset=\"https:\/\/static-blogs.diariovasco.com\/wp-content\/uploads\/sites\/62\/2015\/12\/1.jpg 470w, https:\/\/static-blogs.diariovasco.com\/wp-content\/uploads\/sites\/62\/2015\/12\/1-300x131.jpg 300w\" sizes=\"(max-width: 300px) 100vw, 300px\" \/><\/a><\/p>\n<p>Ahora bien, las cosas cambian cuando se trata de la Nochevieja, en esta noche de celebraci\u00f3n, de despedir el a\u00f1o viejo y dar la bienvenida al nuevo, nos volvemos m\u00e1s laxos con las tradiciones, y aunque hay quien continua celebr\u00e1ndolo en familia, es cada vez m\u00e1s com\u00fan tomar la decisi\u00f3n de hacerlo con los amigos. Incluso hay quien combina las dos opciones, cenando primero con la familia y reuni\u00e9ndose m\u00e1s tarde con los amigos. Puede parecer, que a punto de entrar en el 2016, tomar esta decisi\u00f3n no deber\u00eda ser un problema, o al menos, en nuestra sociedad, sin embargo, esta situaci\u00f3n resulta ser un conflicto para algunas personas que no se sienten libres a la hora de <strong>tomar la decisi\u00f3n<\/strong>.<a href=\"\/trampolin-vida\/wp-content\/uploads\/sites\/62\/2015\/12\/cotillon.jpg\"><img loading=\"lazy\" class=\"alignright size-medium wp-image-621\" title=\"cotillon\" src=\"\/trampolin-vida\/wp-content\/uploads\/sites\/62\/2015\/12\/cotillon.jpg\" alt=\"\" width=\"300\" height=\"225\" srcset=\"https:\/\/static-blogs.diariovasco.com\/wp-content\/uploads\/sites\/62\/2015\/12\/cotillon.jpg 477w, https:\/\/static-blogs.diariovasco.com\/wp-content\/uploads\/sites\/62\/2015\/12\/cotillon-300x225.jpg 300w\" sizes=\"(max-width: 300px) 100vw, 300px\" \/><\/a><\/p>\n<p>Hoy en d\u00eda, en donde se nos vende la idea de que lo m\u00e1s importante es estar nosotros bien y hacer las cosas con coherencia respecto a nuestras creencias y pensamientos, se dan casos en los que algunas personas se ven \u201cobligadas\u201d a pasar la \u00faltima noche del a\u00f1o con ciertos familiares, cuando lo que realmente quieren es estar con sus amigos. Suele ser adem\u00e1s un dilema que se les presenta cada a\u00f1o, y que cada vez que llega esta noche suelen continuar haciendo lo mismo, sin atreverse a cambiar las costumbres. Sin embargo, y aunque pueda parecer que estar\u00eda a favor de dar ese paso, creo que tambi\u00e9n es l\u00edcito que queramos optar por continuar celebr\u00e1ndolo con los familiares, aunque creamos que vamos a divertirnos m\u00e1s con nuestros amigos. Tenemos todo el a\u00f1o para compartir buenos momentos con estos \u00faltimos, y cada vez se nos complica m\u00e1s estar con nuestros parientes, por lo tanto, aunque pueda parecer una incoherencia, creo que hacen bien aquellas personas que realizan ese esfuerzo y comparten la cena con sus familiares. Sea como sea, <strong>feliz a\u00f1o para todos vosotros<\/strong>.<\/p>\n<!-- AddThis Advanced Settings generic via filter on the_content --><!-- AddThis Share Buttons generic via filter on the_content -->","protected":false},"excerpt":{"rendered":"<p>Parece ser que la Nochebuena tenemos bastante claro c\u00f3mo pasarla, al menos la mayor\u00eda, y es con la familia. Por supuesto, hay quien bien porque sus parientes no est\u00e1n cerca, o bien porque prefieren la compa\u00f1\u00eda de los amigos, optan por esta alternativa, incluso los hay que deciden no celebrarlo y quedarse solos. Pero es [&hellip;]<!-- AddThis Advanced Settings generic via filter on get_the_excerpt --><!-- AddThis Share Buttons generic via filter on get_the_excerpt --><\/p>\n","protected":false},"author":93,"featured_media":0,"comment_status":"open","ping_status":"closed","sticky":false,"template":"","format":"standard","meta":[],"categories":[2],"tags":[],"_links":{"self":[{"href":"https:\/\/blogs.diariovasco.com\/trampolin-vida\/wp-json\/wp\/v2\/posts\/619"}],"collection":[{"href":"https:\/\/blogs.diariovasco.com\/trampolin-vida\/wp-json\/wp\/v2\/posts"}],"about":[{"href":"https:\/\/blogs.diariovasco.com\/trampolin-vida\/wp-json\/wp\/v2\/types\/post"}],"author":[{"embeddable":true,"href":"https:\/\/blogs.diariovasco.com\/trampolin-vida\/wp-json\/wp\/v2\/users\/93"}],"replies":[{"embeddable":true,"href":"https:\/\/blogs.diariovasco.com\/trampolin-vida\/wp-json\/wp\/v2\/comments?post=619"}],"version-history":[{"count":0,"href":"https:\/\/blogs.diariovasco.com\/trampolin-vida\/wp-json\/wp\/v2\/posts\/619\/revisions"}],"wp:attachment":[{"href":"https:\/\/blogs.diariovasco.com\/trampolin-vida\/wp-json\/wp\/v2\/media?parent=619"}],"wp:term":[{"taxonomy":"category","embeddable":true,"href":"https:\/\/blogs.diariovasco.com\/trampolin-vida\/wp-json\/wp\/v2\/categories?post=619"},{"taxonomy":"post_tag","embeddable":true,"href":"https:\/\/blogs.diariovasco.com\/trampolin-vida\/wp-json\/wp\/v2\/tags?post=619"}],"curies":[{"name":"wp","href":"https:\/\/api.w.org\/{rel}","templated":true}]}}