{"id":622,"date":"2016-01-06T07:00:41","date_gmt":"2016-01-06T06:00:41","guid":{"rendered":"http:\/\/blogs.diariovasco.com\/trampolin-vida\/?p=622"},"modified":"2016-01-06T07:00:41","modified_gmt":"2016-01-06T06:00:41","slug":"perder-a-tu-ser-mas-especial","status":"publish","type":"post","link":"https:\/\/blogs.diariovasco.com\/trampolin-vida\/2016\/01\/06\/perder-a-tu-ser-mas-especial\/","title":{"rendered":"Perder a tu ser m\u00e1s &#8220;especial&#8221;."},"content":{"rendered":"<p>Durante a\u00f1os, mi padre ha sido la persona que m\u00e1s ha influido en mi persona, sin por ello denostar a mi madre a la que adoro. Mi padre ha sido quien me ha ense\u00f1ado a vivir, sobre todo, porque su forma de vida era disfrutar de todo, y hacerlo con ganas, dejando lo malos rollos a un lado. No entend\u00eda de traumas ni dem\u00e1s, todo era superable y hab\u00eda que saberlo gestionar de la forma m\u00e1s alegre posible.<\/p>\n<p>Su lema de vida era disfrutar, a\u00fan a pesar de ser una persona muy trabajadora y realista, los problemas hab\u00eda que afrontarlos con la mejor de las sonrisas, y me ense\u00f1\u00f3 una lecci\u00f3n muy importante, a saber disfrutar tambi\u00e9n del trabajo. Daba todo por sus amigos, y por supuesto, por su familia, y en este apartado soy la persona m\u00e1s afortunada, ya que durante muchos a\u00f1os, todo su amor fue para m\u00ed. Luego lo compart\u00ed con mis hijos, a los que adoraba, y los que ellos a su vez, le quer\u00edan con locura. Sab\u00edan que pod\u00edan contar para todo con \u00e9l, y ellos no dudaban en hacerlo, sobre todo para hacerle c\u00f3mplice de sus asuntos. Lo escribo en pasado, y no me acostumbro a ello.<\/p>\n<p>Era la persona que m\u00e1s influ\u00eda en mis emociones, si \u00e9l estaba bien, yo lo estaba, y si \u00e9l no lo estaba, me lo transmit\u00eda sin querer. Desde algunas semanas sab\u00eda el desenlace, y aunque mi intuici\u00f3n me dec\u00eda que iba a ser pronto, nunca te viene bien.<\/p>\n<p>En este caso, me ha ayudado a aceptar que la persona que siempre se ha ocupado y preocupado de mi ha dejado este mundo, pero que no se ha apartado de nosotros.<\/p>\n<p>Si algo he sentido en estos d\u00edas tan dif\u00edciles, has sido el cari\u00f1o de todos los que me rodean y sobre todo de los que le rodeaban a \u00e9l. He sentido el apoyo y el cari\u00f1o de sus amigos, sus exparejas y de todos aquellos que compart\u00edan momentos con \u00e9l. Era la persona m\u00e1s especial que he conocido, y como tal se fue un d\u00eda grande, el d\u00eda de A\u00f1o Nuevo, y lo hizo junto a la persona que m\u00e1s me ha apoyado en este proceso de mi vida, como en tantos otros. Creo que en su inconsciencia supo darle el testigo para que yo siguiera sinti\u00e9ndome bien.<\/p>\n<p>Muchas gracias por todo, Aita. Has sido el mejor.<\/p>\n<!-- AddThis Advanced Settings generic via filter on the_content --><!-- AddThis Share Buttons generic via filter on the_content -->","protected":false},"excerpt":{"rendered":"<p>Durante a\u00f1os, mi padre ha sido la persona que m\u00e1s ha influido en mi persona, sin por ello denostar a mi madre a la que adoro. Mi padre ha sido quien me ha ense\u00f1ado a vivir, sobre todo, porque su forma de vida era disfrutar de todo, y hacerlo con ganas, dejando lo malos rollos [&hellip;]<!-- AddThis Advanced Settings generic via filter on get_the_excerpt --><!-- AddThis Share Buttons generic via filter on get_the_excerpt --><\/p>\n","protected":false},"author":93,"featured_media":0,"comment_status":"open","ping_status":"closed","sticky":false,"template":"","format":"standard","meta":[],"categories":[2],"tags":[],"_links":{"self":[{"href":"https:\/\/blogs.diariovasco.com\/trampolin-vida\/wp-json\/wp\/v2\/posts\/622"}],"collection":[{"href":"https:\/\/blogs.diariovasco.com\/trampolin-vida\/wp-json\/wp\/v2\/posts"}],"about":[{"href":"https:\/\/blogs.diariovasco.com\/trampolin-vida\/wp-json\/wp\/v2\/types\/post"}],"author":[{"embeddable":true,"href":"https:\/\/blogs.diariovasco.com\/trampolin-vida\/wp-json\/wp\/v2\/users\/93"}],"replies":[{"embeddable":true,"href":"https:\/\/blogs.diariovasco.com\/trampolin-vida\/wp-json\/wp\/v2\/comments?post=622"}],"version-history":[{"count":0,"href":"https:\/\/blogs.diariovasco.com\/trampolin-vida\/wp-json\/wp\/v2\/posts\/622\/revisions"}],"wp:attachment":[{"href":"https:\/\/blogs.diariovasco.com\/trampolin-vida\/wp-json\/wp\/v2\/media?parent=622"}],"wp:term":[{"taxonomy":"category","embeddable":true,"href":"https:\/\/blogs.diariovasco.com\/trampolin-vida\/wp-json\/wp\/v2\/categories?post=622"},{"taxonomy":"post_tag","embeddable":true,"href":"https:\/\/blogs.diariovasco.com\/trampolin-vida\/wp-json\/wp\/v2\/tags?post=622"}],"curies":[{"name":"wp","href":"https:\/\/api.w.org\/{rel}","templated":true}]}}