{"id":630,"date":"2016-01-27T07:00:50","date_gmt":"2016-01-27T06:00:50","guid":{"rendered":"http:\/\/blogs.diariovasco.com\/trampolin-vida\/?p=630"},"modified":"2016-01-27T07:00:50","modified_gmt":"2016-01-27T06:00:50","slug":"stop-a-la-gordofobia","status":"publish","type":"post","link":"https:\/\/blogs.diariovasco.com\/trampolin-vida\/2016\/01\/27\/stop-a-la-gordofobia\/","title":{"rendered":"Stop a la gordofobia"},"content":{"rendered":"<p>Imagino que la mayor\u00eda de vosotros hab\u00e9is o\u00eddo hablar en los \u00faltimos d\u00edas sobre este movimiento, gracias a la repercusi\u00f3n que est\u00e1 teniendo el testimonio de una chica de 23 a\u00f1os. Por lo que ella cuenta, siempre ha sido <strong>gorda<\/strong>, y reivindica la palabra, como una caracter\u00edstica f\u00edsica m\u00e1s, al igual que lo puede hacer una persona alta, rubia o p\u00e1lida. Ella se pas\u00f3 su ni\u00f1ez renegando de su cuerpo y de su aspecto, hasta el punto que se sent\u00eda juzgada cuando com\u00eda delante de otras personas, terminando escondi\u00e9ndose para hacerlo. Por supuesto, todos conocemos a alguien que tiene sobrepeso y que se siente mal por ello, pero tengo que reconocer que de esta historia me han llamado la atenci\u00f3n sobre todo dos cosas:<a href=\"\/trampolin-vida\/wp-content\/uploads\/sites\/62\/2016\/01\/9O6hT1fx1.jpg\"><img loading=\"lazy\" class=\"alignleft size-medium wp-image-632\" title=\"9O6hT1fx\" src=\"\/trampolin-vida\/wp-content\/uploads\/sites\/62\/2016\/01\/9O6hT1fx1.jpg\" alt=\"\" width=\"300\" height=\"300\" srcset=\"https:\/\/static-blogs.diariovasco.com\/wp-content\/uploads\/sites\/62\/2016\/01\/9O6hT1fx1.jpg 400w, https:\/\/static-blogs.diariovasco.com\/wp-content\/uploads\/sites\/62\/2016\/01\/9O6hT1fx1-150x150.jpg 150w, https:\/\/static-blogs.diariovasco.com\/wp-content\/uploads\/sites\/62\/2016\/01\/9O6hT1fx1-300x300.jpg 300w\" sizes=\"(max-width: 300px) 100vw, 300px\" \/><\/a><\/p>\n<p>1. El hecho de que este movimiento haya transmitido el miedo que siente cierta gente por realizar un acto tan normal y necesario como es el <strong>comer <\/strong>delante de otros por sentirse juzgados. Quiz\u00e1 sea algo muy com\u00fan en personas que han sentido esta fobia hacia su persona, pero, a mi, me ha dado que pensar, ya que muchas veces he trabajado el tema de la autoestima con este tema, pero no se habla tanto de c\u00f3mo se sienten cuando tienen que esconderse por miedo a lo que los dem\u00e1s pueden pensar por los alimentos que ingieren, tanto si estos son saludables, como si no lo son. El problema no es lo que comen, sino simplemente el hecho de comer.<a href=\"\/trampolin-vida\/wp-content\/uploads\/sites\/62\/2016\/01\/gordofobia.jpg\"><img loading=\"lazy\" class=\"alignright size-medium wp-image-633\" title=\"gordofobia\" src=\"\/trampolin-vida\/wp-content\/uploads\/sites\/62\/2016\/01\/gordofobia.jpg\" alt=\"\" width=\"300\" height=\"199\" srcset=\"https:\/\/static-blogs.diariovasco.com\/wp-content\/uploads\/sites\/62\/2016\/01\/gordofobia.jpg 960w, https:\/\/static-blogs.diariovasco.com\/wp-content\/uploads\/sites\/62\/2016\/01\/gordofobia-300x200.jpg 300w, https:\/\/static-blogs.diariovasco.com\/wp-content\/uploads\/sites\/62\/2016\/01\/gordofobia-768x511.jpg 768w\" sizes=\"(max-width: 300px) 100vw, 300px\" \/><\/a><\/p>\n<p>2. El otro aspecto que me ha llamado la atenci\u00f3n es que exista una fobia hacia unas personas por tener una determinada talla. Desde luego, me cuesta entender cualquiera de las fobias que resultan del rechazo que otro ser humano pueda transmitir, pero este, me ha hecho reflexionar sobre la condici\u00f3n humana y el miedo que a veces sentimos por relacionarnos con personas diferentes a nosotros mismos. Es decir, puedo explicar, aunque no lo comparta, que alguien pueda sentirse molesto delante de otra persona que no comparta sus valores o sus creencias. Dejo claro que creo que hay que ser ante todo abiertos, y saber valorar precisamente en los dem\u00e1s las cualidades que los hacen diferentes de nosotros, pero me cuesta creer que alguien se sienta inc\u00f3modo frente a otra persona porque esta tenga una talla mayor. Desde luego, no pongo en duda lo que las personas que lideran este movimiento dicen, aunque no entienda los sentimientos y las emociones que puedan llevar a sentir esta fobia en concreto, y considero que pensar en ello nos pueden ser \u00fatil para mejorar como personas.<\/p>\n<p>&nbsp;<\/p>\n<!-- AddThis Advanced Settings generic via filter on the_content --><!-- AddThis Share Buttons generic via filter on the_content -->","protected":false},"excerpt":{"rendered":"<p>Imagino que la mayor\u00eda de vosotros hab\u00e9is o\u00eddo hablar en los \u00faltimos d\u00edas sobre este movimiento, gracias a la repercusi\u00f3n que est\u00e1 teniendo el testimonio de una chica de 23 a\u00f1os. Por lo que ella cuenta, siempre ha sido gorda, y reivindica la palabra, como una caracter\u00edstica f\u00edsica m\u00e1s, al igual que lo puede hacer [&hellip;]<!-- AddThis Advanced Settings generic via filter on get_the_excerpt --><!-- AddThis Share Buttons generic via filter on get_the_excerpt --><\/p>\n","protected":false},"author":93,"featured_media":0,"comment_status":"open","ping_status":"closed","sticky":false,"template":"","format":"standard","meta":[],"categories":[2],"tags":[],"_links":{"self":[{"href":"https:\/\/blogs.diariovasco.com\/trampolin-vida\/wp-json\/wp\/v2\/posts\/630"}],"collection":[{"href":"https:\/\/blogs.diariovasco.com\/trampolin-vida\/wp-json\/wp\/v2\/posts"}],"about":[{"href":"https:\/\/blogs.diariovasco.com\/trampolin-vida\/wp-json\/wp\/v2\/types\/post"}],"author":[{"embeddable":true,"href":"https:\/\/blogs.diariovasco.com\/trampolin-vida\/wp-json\/wp\/v2\/users\/93"}],"replies":[{"embeddable":true,"href":"https:\/\/blogs.diariovasco.com\/trampolin-vida\/wp-json\/wp\/v2\/comments?post=630"}],"version-history":[{"count":0,"href":"https:\/\/blogs.diariovasco.com\/trampolin-vida\/wp-json\/wp\/v2\/posts\/630\/revisions"}],"wp:attachment":[{"href":"https:\/\/blogs.diariovasco.com\/trampolin-vida\/wp-json\/wp\/v2\/media?parent=630"}],"wp:term":[{"taxonomy":"category","embeddable":true,"href":"https:\/\/blogs.diariovasco.com\/trampolin-vida\/wp-json\/wp\/v2\/categories?post=630"},{"taxonomy":"post_tag","embeddable":true,"href":"https:\/\/blogs.diariovasco.com\/trampolin-vida\/wp-json\/wp\/v2\/tags?post=630"}],"curies":[{"name":"wp","href":"https:\/\/api.w.org\/{rel}","templated":true}]}}