{"id":872,"date":"2017-01-25T07:00:32","date_gmt":"2017-01-25T06:00:32","guid":{"rendered":"http:\/\/blogs.diariovasco.com\/trampolin-vida\/?p=872"},"modified":"2017-01-25T07:00:32","modified_gmt":"2017-01-25T06:00:32","slug":"libertad-de-expresion","status":"publish","type":"post","link":"https:\/\/blogs.diariovasco.com\/trampolin-vida\/2017\/01\/25\/libertad-de-expresion\/","title":{"rendered":"Libertad de expresi\u00f3n"},"content":{"rendered":"<p>Cada d\u00eda saltan m\u00e1s noticias sobre tuits ofensivos en todas direcciones y desde todas las ideolog\u00edas. Siempre se amparan en la <strong>libertad de expresi\u00f3n<\/strong>, pero me cuesta creerlo, y no verlo como la utilizaci\u00f3n de esta como una excusa, por importante que me parezca. Por supuesto, todos tenemos derecho a expresar nuestras ideas, pero tambi\u00e9n tenemos derecho y la obligaci\u00f3n de callarnos cuando no nos piden nuestra opini\u00f3n, sobre todo, cuando esta puede resultar ofensiva para otros.<a href=\"\/trampolin-vida\/wp-content\/uploads\/sites\/62\/2017\/01\/tuits.jpg\"><img loading=\"lazy\" class=\"alignleft size-full wp-image-873\" title=\"tuits\" src=\"\/trampolin-vida\/wp-content\/uploads\/sites\/62\/2017\/01\/tuits.jpg\" alt=\"\" width=\"299\" height=\"169\" \/><\/a><\/p>\n<p>En este punto, habr\u00e1 quien diga que hay que alzar nuestras voces hacia aquello que no nos gusta, pero creo que antes de hacerlo, deber\u00edamos preguntarnos \u00bfpara qu\u00e9? \u00bfNos lleva a alguna parte el expresar esas ideas? \u00bfTan importantes creemos que son para tener que lanzarlas sin m\u00e1s, y sin pensar en las consecuencias que estas pueden tener en alguna persona? \u00bfNo debemos pensar antes en si vamos a causar dolor a quien pueda leerlo para no conseguir nada m\u00e1s?<\/p>\n<p>Esta semana, se ha producido el fallecimiento de una persona querida por mucha gente y cuyo t\u00edo, muy conocido, ha mandado un tuit de condolencia. Lo \u00faltimo que pod\u00eda pensar es que este hecho diera lugar a un mont\u00f3n de tuits injuriosos sobre la fallecida, simplemente porque era diferente a ellos, y que adem\u00e1s todo comenzar\u00e1 por parte de un periodista al cual se le presupon\u00eda un cierto grado de educaci\u00f3n. Me cuesta ponerme en la situaci\u00f3n en la que ha estado para ocurr\u00edrsele contestar al t\u00edo de la fallecida con semejante tuit, faltando a \u00e9l y a toda la familia y amigos de tal manera al respeto, porque considero que quien as\u00ed lo hace, es a \u00e9l mismo a quien primero se est\u00e1 faltando el respeto.<a href=\"\/trampolin-vida\/wp-content\/uploads\/sites\/62\/2017\/01\/ofengla.jpg\"><img loading=\"lazy\" class=\"alignright size-medium wp-image-874\" title=\"ofengla-429x300\" src=\"\/trampolin-vida\/wp-content\/uploads\/sites\/62\/2017\/01\/ofengla-429x300.jpg\" alt=\"\" width=\"300\" height=\"209\" srcset=\"https:\/\/static-blogs.diariovasco.com\/wp-content\/uploads\/sites\/62\/2017\/01\/ofengla-429x300.jpg 429w, https:\/\/static-blogs.diariovasco.com\/wp-content\/uploads\/sites\/62\/2017\/01\/ofengla-429x300-300x210.jpg 300w\" sizes=\"(max-width: 300px) 100vw, 300px\" \/><\/a><\/p>\n<p>Da lo mismo que estemos en desacuerdo con quien tenemos delante, no siempre <strong>tenemos el derecho<\/strong> de decir lo que pensamos sin calcular el efecto que nuestras palabras van a tener. No podemos pensar que porque nos creamos en la verdad absoluta debemos lanzar los mensajes sin calcular las consecuencias, y mucho menos, creer que la nuestra es la \u00fanica verdad. Pero, es que encima, en estos casos, no s\u00f3lo se trata de qui\u00e9n tiene la raz\u00f3n, ya que es lo menos importante, sino de valorar que cuando faltamos el respeto a otra persona lo hacemos a nosotros mismos. \u00bfHay algo peor que hacer da\u00f1o gratuitamente a alguien? Por supuesto, siempre tenemos la opci\u00f3n de no leer estos tuits, aunque en este caso va a ser dif\u00edcil que no se enteren, pero \u00bfpara qu\u00e9 lanzar nada que pueda herir a otro? Por favor, comencemos a ser m\u00e1s humanos y respetuosos en todos los \u00e1mbitos de nuestra vida.<\/p>\n<!-- AddThis Advanced Settings generic via filter on the_content --><!-- AddThis Share Buttons generic via filter on the_content -->","protected":false},"excerpt":{"rendered":"<p>Cada d\u00eda saltan m\u00e1s noticias sobre tuits ofensivos en todas direcciones y desde todas las ideolog\u00edas. Siempre se amparan en la libertad de expresi\u00f3n, pero me cuesta creerlo, y no verlo como la utilizaci\u00f3n de esta como una excusa, por importante que me parezca. Por supuesto, todos tenemos derecho a expresar nuestras ideas, pero tambi\u00e9n [&hellip;]<!-- AddThis Advanced Settings generic via filter on get_the_excerpt --><!-- AddThis Share Buttons generic via filter on get_the_excerpt --><\/p>\n","protected":false},"author":93,"featured_media":0,"comment_status":"open","ping_status":"closed","sticky":false,"template":"","format":"standard","meta":[],"categories":[2],"tags":[],"_links":{"self":[{"href":"https:\/\/blogs.diariovasco.com\/trampolin-vida\/wp-json\/wp\/v2\/posts\/872"}],"collection":[{"href":"https:\/\/blogs.diariovasco.com\/trampolin-vida\/wp-json\/wp\/v2\/posts"}],"about":[{"href":"https:\/\/blogs.diariovasco.com\/trampolin-vida\/wp-json\/wp\/v2\/types\/post"}],"author":[{"embeddable":true,"href":"https:\/\/blogs.diariovasco.com\/trampolin-vida\/wp-json\/wp\/v2\/users\/93"}],"replies":[{"embeddable":true,"href":"https:\/\/blogs.diariovasco.com\/trampolin-vida\/wp-json\/wp\/v2\/comments?post=872"}],"version-history":[{"count":0,"href":"https:\/\/blogs.diariovasco.com\/trampolin-vida\/wp-json\/wp\/v2\/posts\/872\/revisions"}],"wp:attachment":[{"href":"https:\/\/blogs.diariovasco.com\/trampolin-vida\/wp-json\/wp\/v2\/media?parent=872"}],"wp:term":[{"taxonomy":"category","embeddable":true,"href":"https:\/\/blogs.diariovasco.com\/trampolin-vida\/wp-json\/wp\/v2\/categories?post=872"},{"taxonomy":"post_tag","embeddable":true,"href":"https:\/\/blogs.diariovasco.com\/trampolin-vida\/wp-json\/wp\/v2\/tags?post=872"}],"curies":[{"name":"wp","href":"https:\/\/api.w.org\/{rel}","templated":true}]}}