{"id":924,"date":"2017-03-01T07:00:50","date_gmt":"2017-03-01T06:00:50","guid":{"rendered":"http:\/\/blogs.diariovasco.com\/trampolin-vida\/?p=911"},"modified":"2017-03-01T07:00:50","modified_gmt":"2017-03-01T06:00:50","slug":"cambiar-de-opinion-no-es-malo","status":"publish","type":"post","link":"https:\/\/blogs.diariovasco.com\/trampolin-vida\/2017\/03\/01\/cambiar-de-opinion-no-es-malo\/","title":{"rendered":"Cambiar de opini\u00f3n no es malo"},"content":{"rendered":"<p>En muchas ocasiones hablando con mis clientes tratamos el tema de la duda y lo que esta les hace sentir, que en su mayor\u00eda es inseguridad. Se relaciona la duda con ser inseguro, quien no tiene las ideas claras y las defiende de forma <strong>vehemente<\/strong>, no est\u00e1 seguro de s\u00ed mismo. Sin embargo, considero que no siempre es as\u00ed, y que quienes son capaces de dudar demuestran tener m\u00e1s seguridad en muchas ocasiones que quienes no son capaces de cambiar de opini\u00f3n.<a href=\"\/trampolin-vida\/wp-content\/uploads\/sites\/62\/2017\/02\/Community_thumb15.jpg\"><img loading=\"lazy\" class=\"alignleft size-medium wp-image-912\" title=\"Community_thumb[15]\" src=\"\/trampolin-vida\/wp-content\/uploads\/sites\/62\/2017\/02\/Community_thumb15.jpg\" alt=\"\" width=\"300\" height=\"141\" \/><\/a><\/p>\n<p>Probablemente, la mayor\u00eda de nosotros nos hemos visto inmersos en una conversaci\u00f3n en la que se discute de un tema y se plantean varias opiniones diferentes. Hay quienes van a <strong>defender<\/strong> sus ideas hasta el final, de forma contundente y sin dejarse convencer por lo que los otros les dicen. Y habr\u00e1 quienes dependiendo de lo que vayan escuchando a lo largo de la conversaci\u00f3n, ir\u00e1n cambiando de posici\u00f3n. \u00bfQui\u00e9n demuestra en esta situaci\u00f3n tener m\u00e1s seguridad en s\u00ed mismo, el que defiende de forma categ\u00f3rica su opini\u00f3n o quien es capaz de valorar los diferentes argumentos y puntos de vista?<a href=\"\/trampolin-vida\/wp-content\/uploads\/sites\/62\/2017\/02\/hablando.jpg\"><img loading=\"lazy\" class=\"alignright size-medium wp-image-913\" title=\"hablando\" src=\"\/trampolin-vida\/wp-content\/uploads\/sites\/62\/2017\/02\/hablando.jpg\" alt=\"\" width=\"300\" height=\"198\" \/><\/a><\/p>\n<p>Por lo que puedo comprobar, muchas personas consideran que son m\u00e1s fuertes y demuestran mayor seguridad quienes son capaces de mantener sus ideas pese a las <strong>argumentaciones contrarias<\/strong>, logrando que se tema un posible enfrentamiento con estas personas. El resto no quiere verse envuelto en una guerra dial\u00e9ctica con ellas, ya que se les considera seguros y capaces de defender sus ideas con fuerza y de ser contertulios muy en\u00e9rgicos. Sin embargo, a quienes escuchan los diferentes argumentos sin estar pensando en lo pr\u00f3ximo que van a decir, y que ven m\u00e1s all\u00e1 del inter\u00e9s de tener ellos la raz\u00f3n y se preocupan por entender cada posici\u00f3n y de valorar quien tiene la raz\u00f3n o que puntos de cada argumento puede ser v\u00e1lido y cual no, se les considera personas influenciables, que no se mantienen en sus ideas y que son f\u00e1ciles de convencer. Por lo tanto, \u00bfQui\u00e9nes demuestran mayor seguridad? \u00bfQui\u00e9nes no quieren escuchar y cambiar o quienes se atreven a pensar de otro modo? Considero que es m\u00e1s <strong>valiente<\/strong> atreverse a realizar un cambio de pensamiento que empe\u00f1arse en aferrarse a mantener una idea por haber comenzado a defenderla sin darle otra oportunidad al resto de puntos de vista. Saber escuchar y apreciar diferentes criterios demuestra mucha seguridad y empat\u00eda.<\/p>\n<p>&nbsp;<\/p>\n<!-- AddThis Advanced Settings generic via filter on the_content --><!-- AddThis Share Buttons generic via filter on the_content -->","protected":false},"excerpt":{"rendered":"<p>En muchas ocasiones hablando con mis clientes tratamos el tema de la duda y lo que esta les hace sentir, que en su mayor\u00eda es inseguridad. Se relaciona la duda con ser inseguro, quien no tiene las ideas claras y las defiende de forma vehemente, no est\u00e1 seguro de s\u00ed mismo. Sin embargo, considero que [&hellip;]<!-- AddThis Advanced Settings generic via filter on get_the_excerpt --><!-- AddThis Share Buttons generic via filter on get_the_excerpt --><\/p>\n","protected":false},"author":93,"featured_media":0,"comment_status":"open","ping_status":"closed","sticky":false,"template":"","format":"standard","meta":[],"categories":[2],"tags":[],"_links":{"self":[{"href":"https:\/\/blogs.diariovasco.com\/trampolin-vida\/wp-json\/wp\/v2\/posts\/924"}],"collection":[{"href":"https:\/\/blogs.diariovasco.com\/trampolin-vida\/wp-json\/wp\/v2\/posts"}],"about":[{"href":"https:\/\/blogs.diariovasco.com\/trampolin-vida\/wp-json\/wp\/v2\/types\/post"}],"author":[{"embeddable":true,"href":"https:\/\/blogs.diariovasco.com\/trampolin-vida\/wp-json\/wp\/v2\/users\/93"}],"replies":[{"embeddable":true,"href":"https:\/\/blogs.diariovasco.com\/trampolin-vida\/wp-json\/wp\/v2\/comments?post=924"}],"version-history":[{"count":0,"href":"https:\/\/blogs.diariovasco.com\/trampolin-vida\/wp-json\/wp\/v2\/posts\/924\/revisions"}],"wp:attachment":[{"href":"https:\/\/blogs.diariovasco.com\/trampolin-vida\/wp-json\/wp\/v2\/media?parent=924"}],"wp:term":[{"taxonomy":"category","embeddable":true,"href":"https:\/\/blogs.diariovasco.com\/trampolin-vida\/wp-json\/wp\/v2\/categories?post=924"},{"taxonomy":"post_tag","embeddable":true,"href":"https:\/\/blogs.diariovasco.com\/trampolin-vida\/wp-json\/wp\/v2\/tags?post=924"}],"curies":[{"name":"wp","href":"https:\/\/api.w.org\/{rel}","templated":true}]}}