{"id":976,"date":"2017-06-14T07:00:42","date_gmt":"2017-06-14T05:00:42","guid":{"rendered":"http:\/\/blogs.diariovasco.com\/trampolin-vida\/?p=973"},"modified":"2017-06-14T07:00:42","modified_gmt":"2017-06-14T05:00:42","slug":"que-me-hara-meterme-en-estos-lios","status":"publish","type":"post","link":"https:\/\/blogs.diariovasco.com\/trampolin-vida\/2017\/06\/14\/que-me-hara-meterme-en-estos-lios\/","title":{"rendered":"\u00bfQu\u00e9 me har\u00e1 meterme en estos l\u00edos?"},"content":{"rendered":"<p>Estoy a poco m\u00e1s de 24 horas de presentar un nuevo proyecto. Una presentaci\u00f3n que voy a realizar delante de amigos, clientes y familiares, y que me podr\u00eda haber ahorrado, si no fuera por mi habitual empe\u00f1o de meterme en l\u00edos, o al menos, esta es la <strong>sensaci\u00f3n<\/strong> que tengo en estos momentos. \u00bfQu\u00e9 har\u00e1 que siempre me tenga que estar probando a m\u00ed misma con nuevos retos, en lugar de quedarme tranquila y seguir mi camino con mi trabajo y mis quehaceres normales?<a href=\"\/trampolin-vida\/wp-content\/uploads\/sites\/62\/2017\/06\/Presentaci\u00f3n2.jpg\"><img loading=\"lazy\" class=\"alignleft size-medium wp-image-974\" title=\"Presentaci\u00f3n2\" src=\"\/trampolin-vida\/wp-content\/uploads\/sites\/62\/2017\/06\/Presentaci\u00f3n2-300x225.jpg\" alt=\"\" width=\"300\" height=\"225\" \/><\/a><\/p>\n<p>Imagino que se debe a mi car\u00e1cter, y que aunque hoy llevo todo el d\u00eda suspirando por los nervios, y pensando en lo <strong>tranquila <\/strong>que podr\u00eda estar si no me hubiera dado por pensar en hacer este proyecto y presentarlo, tambi\u00e9n s\u00e9 que lo que de verdad me motiva y me hace sentirme viva, es precisamente el tener nuevos retos y saber que puedo superarme a m\u00ed misma.<\/p>\n<p>Creo que no podr\u00eda ayudar a mis clientes a superar sus miedos o a cumplir sus sue\u00f1os si yo no fuera capaz de hacerlo con los m\u00edos. \u00bfC\u00f3mo podr\u00eda decirle a alguien que merece la pena luchar por lo que quiere, si yo no soy capaz de hacerlo? Y si tengo algo claro, es que mi nuevo proyecto me ilusiona mucho, y aunque me cueste y me surjan barreras en el camino, debo mantenerme firme y <strong>luchar<\/strong> por lograr que salga adelante, al menos, hasta donde pueda.<a href=\"\/trampolin-vida\/wp-content\/uploads\/sites\/62\/2017\/06\/image-2.png\"><img loading=\"lazy\" class=\"alignright size-medium wp-image-975\" title=\"image (2)\" src=\"\/trampolin-vida\/wp-content\/uploads\/sites\/62\/2017\/06\/image-2-300x168.png\" alt=\"\" width=\"300\" height=\"168\" \/><\/a><\/p>\n<p>Tengo que decir que, adem\u00e1s, en este camino estoy aprendiendo mucho de m\u00ed, y de c\u00f3mo gestionar mis nervios y mi estr\u00e9s. He pasado por momentos en los que cre\u00eda que la cabeza me iba a estallar, pero he sabido parar, y recuperarme para seguir adelante, y espero, ma\u00f1ana cuando tenga que ponerme delante de todos, poder sentirme bien, segura y transmitir lo que supone el proyecto para mi y para las personas que me acompa\u00f1an en este proyecto. S\u00e9 que no soy la \u00fanica que se encuentra nerviosa, y s\u00e9 que tengo un gran apoyo a mi alrededor, por lo tanto, s\u00e9 que puedo llevarlo a cabo y hacer que esta presentaci\u00f3n no s\u00f3lo sirva para dar a conocer este proyecto, sino tambi\u00e9n para que todos los que participemos puedan demostrarse que son <strong>capaces<\/strong> de trabajar por lo que creen y desean, incluido el p\u00fablico asistente.<\/p>\n<p>&nbsp;<\/p>\n<!-- AddThis Advanced Settings generic via filter on the_content --><!-- AddThis Share Buttons generic via filter on the_content -->","protected":false},"excerpt":{"rendered":"<p>Estoy a poco m\u00e1s de 24 horas de presentar un nuevo proyecto. Una presentaci\u00f3n que voy a realizar delante de amigos, clientes y familiares, y que me podr\u00eda haber ahorrado, si no fuera por mi habitual empe\u00f1o de meterme en l\u00edos, o al menos, esta es la sensaci\u00f3n que tengo en estos momentos. \u00bfQu\u00e9 har\u00e1 [&hellip;]<!-- AddThis Advanced Settings generic via filter on get_the_excerpt --><!-- AddThis Share Buttons generic via filter on get_the_excerpt --><\/p>\n","protected":false},"author":93,"featured_media":0,"comment_status":"open","ping_status":"closed","sticky":false,"template":"","format":"standard","meta":[],"categories":[2],"tags":[],"_links":{"self":[{"href":"https:\/\/blogs.diariovasco.com\/trampolin-vida\/wp-json\/wp\/v2\/posts\/976"}],"collection":[{"href":"https:\/\/blogs.diariovasco.com\/trampolin-vida\/wp-json\/wp\/v2\/posts"}],"about":[{"href":"https:\/\/blogs.diariovasco.com\/trampolin-vida\/wp-json\/wp\/v2\/types\/post"}],"author":[{"embeddable":true,"href":"https:\/\/blogs.diariovasco.com\/trampolin-vida\/wp-json\/wp\/v2\/users\/93"}],"replies":[{"embeddable":true,"href":"https:\/\/blogs.diariovasco.com\/trampolin-vida\/wp-json\/wp\/v2\/comments?post=976"}],"version-history":[{"count":0,"href":"https:\/\/blogs.diariovasco.com\/trampolin-vida\/wp-json\/wp\/v2\/posts\/976\/revisions"}],"wp:attachment":[{"href":"https:\/\/blogs.diariovasco.com\/trampolin-vida\/wp-json\/wp\/v2\/media?parent=976"}],"wp:term":[{"taxonomy":"category","embeddable":true,"href":"https:\/\/blogs.diariovasco.com\/trampolin-vida\/wp-json\/wp\/v2\/categories?post=976"},{"taxonomy":"post_tag","embeddable":true,"href":"https:\/\/blogs.diariovasco.com\/trampolin-vida\/wp-json\/wp\/v2\/tags?post=976"}],"curies":[{"name":"wp","href":"https:\/\/api.w.org\/{rel}","templated":true}]}}