{"id":982,"date":"2017-06-21T09:39:01","date_gmt":"2017-06-21T07:39:01","guid":{"rendered":"http:\/\/blogs.diariovasco.com\/trampolin-vida\/?p=980"},"modified":"2017-06-21T09:39:01","modified_gmt":"2017-06-21T07:39:01","slug":"evento-presentacion-coachya-es","status":"publish","type":"post","link":"https:\/\/blogs.diariovasco.com\/trampolin-vida\/2017\/06\/21\/evento-presentacion-coachya-es\/","title":{"rendered":"Evento presentaci\u00f3n Coachya.es"},"content":{"rendered":"<p>Por fin el mi\u00e9rcoles 14 de Junio presentamos la web de Coachya.es en p\u00fablico, y tenemos que decir que estamos muy contentos con la acogida que est\u00e1 teniendo. Primeramente estuvimos en la radio, en el programa de Eduardo Ya\u00f1ez, \u201cGuipuzcoa en la onda\u201d, donde nos sentimos muy a gusto explicando este nuevo proyecto. Esa misma tarde realizamos la exposici\u00f3n ante amigos, familiares y clientes en el Espacio Keler, donde pudimos realizar una din\u00e1mica con los asistentes que nos ofreci\u00f3 un feedback muy interesante sobre los servicios que ofrecemos, y que en un par de semanas mostrar\u00e9 los resultados.<a href=\"\/trampolin-vida\/wp-content\/uploads\/sites\/62\/2017\/06\/unnamed2.jpg\"><img loading=\"lazy\" class=\"alignleft size-medium wp-image-982\" title=\"unnamed\" src=\"\/trampolin-vida\/wp-content\/uploads\/sites\/62\/2017\/06\/unnamed2-300x168.jpg\" alt=\"\" width=\"300\" height=\"168\" \/><\/a><\/p>\n<p>El martes 20 de Junio ha salido un art\u00edculo en el Diario Vasco donde tambi\u00e9n se explica muy bien este proyecto en el que ya llevamos embarcados varios meses, y en donde sale un titular que tenemos que destacar que no es nuestro, sino de una psic\u00f3loga que piensa que la gente no est\u00e1 bien. Quiero resaltar, lo primero de todo, que nosotros tenemos el mayor respeto por nuestros clientes, por lo que nunca hablar\u00edamos de esa forma de ellos, y mucho menos lo publicar\u00edamos. Que el coaching no tiene porque relacionarse con los problemas, que trabaja con objetivos, y que los objetivos de nuestros clientes merecen la mayor consideraci\u00f3n. Como he dicho anteriormente en el art\u00edculo se explica en que consisten nuestros servicios, por lo que pido que antes de juzgarlo por la primera apariencia del titular, os le\u00e1is la entrevista, que considero merece la pena. *En cuanto est\u00e9 disponible subir\u00e9 el art\u00edculo para que se pueda leer desde este post.<a href=\"\/trampolin-vida\/wp-content\/uploads\/sites\/62\/2017\/06\/unnamed-11.jpg\"><img loading=\"lazy\" class=\"alignright size-medium wp-image-983\" title=\"unnamed (1)\" src=\"\/trampolin-vida\/wp-content\/uploads\/sites\/62\/2017\/06\/unnamed-11-300x218.jpg\" alt=\"\" width=\"300\" height=\"218\" \/><\/a><\/p>\n<!-- AddThis Advanced Settings generic via filter on the_content --><!-- AddThis Share Buttons generic via filter on the_content -->","protected":false},"excerpt":{"rendered":"<p>Por fin el mi\u00e9rcoles 14 de Junio presentamos la web de Coachya.es en p\u00fablico, y tenemos que decir que estamos muy contentos con la acogida que est\u00e1 teniendo. Primeramente estuvimos en la radio, en el programa de Eduardo Ya\u00f1ez, \u201cGuipuzcoa en la onda\u201d, donde nos sentimos muy a gusto explicando este nuevo proyecto. Esa misma [&hellip;]<!-- AddThis Advanced Settings generic via filter on get_the_excerpt --><!-- AddThis Share Buttons generic via filter on get_the_excerpt --><\/p>\n","protected":false},"author":93,"featured_media":0,"comment_status":"open","ping_status":"closed","sticky":false,"template":"","format":"standard","meta":[],"categories":[2],"tags":[],"_links":{"self":[{"href":"https:\/\/blogs.diariovasco.com\/trampolin-vida\/wp-json\/wp\/v2\/posts\/982"}],"collection":[{"href":"https:\/\/blogs.diariovasco.com\/trampolin-vida\/wp-json\/wp\/v2\/posts"}],"about":[{"href":"https:\/\/blogs.diariovasco.com\/trampolin-vida\/wp-json\/wp\/v2\/types\/post"}],"author":[{"embeddable":true,"href":"https:\/\/blogs.diariovasco.com\/trampolin-vida\/wp-json\/wp\/v2\/users\/93"}],"replies":[{"embeddable":true,"href":"https:\/\/blogs.diariovasco.com\/trampolin-vida\/wp-json\/wp\/v2\/comments?post=982"}],"version-history":[{"count":0,"href":"https:\/\/blogs.diariovasco.com\/trampolin-vida\/wp-json\/wp\/v2\/posts\/982\/revisions"}],"wp:attachment":[{"href":"https:\/\/blogs.diariovasco.com\/trampolin-vida\/wp-json\/wp\/v2\/media?parent=982"}],"wp:term":[{"taxonomy":"category","embeddable":true,"href":"https:\/\/blogs.diariovasco.com\/trampolin-vida\/wp-json\/wp\/v2\/categories?post=982"},{"taxonomy":"post_tag","embeddable":true,"href":"https:\/\/blogs.diariovasco.com\/trampolin-vida\/wp-json\/wp\/v2\/tags?post=982"}],"curies":[{"name":"wp","href":"https:\/\/api.w.org\/{rel}","templated":true}]}}