{"id":991,"date":"2017-06-28T07:00:05","date_gmt":"2017-06-28T05:00:05","guid":{"rendered":"http:\/\/blogs.diariovasco.com\/trampolin-vida\/?p=985"},"modified":"2017-06-28T07:00:05","modified_gmt":"2017-06-28T05:00:05","slug":"la-creatividad-i","status":"publish","type":"post","link":"https:\/\/blogs.diariovasco.com\/trampolin-vida\/2017\/06\/28\/la-creatividad-i\/","title":{"rendered":"La creatividad I"},"content":{"rendered":"<p>Muchas veces se ha dicho que la creatividad se produce cuando la mente fluye, y esto ocurre cuando los dos hemisferios del cerebro trabajan a la vez. <strong>Fluir<\/strong> es la clave de ser eficientes, de ser proactivos y de solucionar muchas cuestiones de nuestra vida, pero \u00bfc\u00f3mo conseguimos fluir?<a href=\"\/trampolin-vida\/wp-content\/uploads\/sites\/62\/2017\/06\/images-11.jpg\"><img loading=\"lazy\" class=\"alignleft size-full wp-image-986\" title=\"images (11)\" src=\"\/trampolin-vida\/wp-content\/uploads\/sites\/62\/2017\/06\/images-11.jpg\" alt=\"\" width=\"282\" height=\"179\" \/><\/a><\/p>\n<p>Siempre se ha relacionado al hemisferio derecho con la creatividad y las emociones, y al hemisferio izquierdo con el pensamiento anal\u00edtico, racional y la l\u00f3gica. Cada parte de nuestro cerebro se ocupa de una forma de utilizar nuestra mente, pero cuando utilizamos las dos a la vez, es cuando nos surgen las ideas, cuando nuestra mente trabaja en conjunto y se centra en un \u00fanico asunto, poniendo lo mejor de nosotros en acci\u00f3n y logrando que surja la creatividad en toda su dimensi\u00f3n. Antes, sin estudios que lo avalaran se dec\u00eda que esto era fluir, y que en este proceso, perdemos incluso la noci\u00f3n del tiempo, ya que todo nuestro ser est\u00e1 trabajando en una sola cuesti\u00f3n, olvid\u00e1ndonos de todo lo dem\u00e1s y desarrollando toda nuestra capacidad mental. Ahora, gracias a los avances cient\u00edficos, los neurocient\u00edficos y psic\u00f3logos han conseguido demostrarlo con las resonancias magn\u00e9ticas, pudiendo ver que el momento <strong>\u201ceureka\u201d<\/strong>, es decir, cuando se nos enciende la bombilla para poner soluci\u00f3n a un tema o lograr una nueva idea, es cuando se producen relaciones neuronales de ambos hemisferios. Parece ser que justo antes de este momento de \u201cencendido\u201d, se produce un apag\u00f3n, y probablemente, este lo propiciamos cuando dejamos la mente en blanco o pasamos a pensar en otra cosa. A\u00f1adir nuevas alternativas a nuestros pensamientos nos permite llegar a ese momento de lucidez plena, en la que somos capaces de resolver en un instante algo que llevamos d\u00e1ndole vueltas en la cabeza durante tiempo.<a href=\"\/trampolin-vida\/wp-content\/uploads\/sites\/62\/2017\/06\/LV_20140624_LV_FOTOS_D_54410343263-kf0H-U40172772598U0F-992x558@LaVanguardia-Web.jpg\"><img loading=\"lazy\" class=\"alignright size-medium wp-image-987\" title=\"LV_20140624_LV_FOTOS_D_54410343263-kf0H-U40172772598U0F-992x558@LaVanguardia-Web\" src=\"\/trampolin-vida\/wp-content\/uploads\/sites\/62\/2017\/06\/LV_20140624_LV_FOTOS_D_54410343263-kf0H-U40172772598U0F-992x558@LaVanguardia-Web-300x195.jpg\" alt=\"\" width=\"300\" height=\"195\" srcset=\"https:\/\/static-blogs.diariovasco.com\/wp-content\/uploads\/sites\/62\/2017\/06\/LV_20140624_LV_FOTOS_D_54410343263-kf0H-U40172772598U0F-992x558@LaVanguardia-Web-300x195.jpg 300w, https:\/\/static-blogs.diariovasco.com\/wp-content\/uploads\/sites\/62\/2017\/06\/LV_20140624_LV_FOTOS_D_54410343263-kf0H-U40172772598U0F-992x558@LaVanguardia-Web-768x500.jpg 768w, https:\/\/static-blogs.diariovasco.com\/wp-content\/uploads\/sites\/62\/2017\/06\/LV_20140624_LV_FOTOS_D_54410343263-kf0H-U40172772598U0F-992x558@LaVanguardia-Web.jpg 857w\" sizes=\"(max-width: 300px) 100vw, 300px\" \/><\/a><\/p>\n<p>Parece ser, que hay momentos que favorecen esta conexi\u00f3n neuronal, ya que se suele dar, por ejemplo, en el momento en el que la l\u00ednea entre la consciencia y el subconsciente es m\u00e1s fina, lo que tambi\u00e9n se llama momento alfa, por esto, hay muchos creadores que han utilizado el sue\u00f1o como base de su <strong>inspiraci\u00f3n<\/strong>, o que sus momentos m\u00e1s creativos han sido justo al despertarse. De aqu\u00ed viene el dicho \u201cconsultarlo con la almohada\u201d, ya que, el dormir nos ayuda a aclarar las ideas y saber tomar una decisi\u00f3n de forma m\u00e1s acertada al despertarnos. Por lo tanto, para ser creativos en la toma de decisiones nos es favorable descansar.<\/p>\n<!-- AddThis Advanced Settings generic via filter on the_content --><!-- AddThis Share Buttons generic via filter on the_content -->","protected":false},"excerpt":{"rendered":"<p>Muchas veces se ha dicho que la creatividad se produce cuando la mente fluye, y esto ocurre cuando los dos hemisferios del cerebro trabajan a la vez. Fluir es la clave de ser eficientes, de ser proactivos y de solucionar muchas cuestiones de nuestra vida, pero \u00bfc\u00f3mo conseguimos fluir? Siempre se ha relacionado al hemisferio [&hellip;]<!-- AddThis Advanced Settings generic via filter on get_the_excerpt --><!-- AddThis Share Buttons generic via filter on get_the_excerpt --><\/p>\n","protected":false},"author":93,"featured_media":0,"comment_status":"open","ping_status":"closed","sticky":false,"template":"","format":"standard","meta":[],"categories":[2],"tags":[],"_links":{"self":[{"href":"https:\/\/blogs.diariovasco.com\/trampolin-vida\/wp-json\/wp\/v2\/posts\/991"}],"collection":[{"href":"https:\/\/blogs.diariovasco.com\/trampolin-vida\/wp-json\/wp\/v2\/posts"}],"about":[{"href":"https:\/\/blogs.diariovasco.com\/trampolin-vida\/wp-json\/wp\/v2\/types\/post"}],"author":[{"embeddable":true,"href":"https:\/\/blogs.diariovasco.com\/trampolin-vida\/wp-json\/wp\/v2\/users\/93"}],"replies":[{"embeddable":true,"href":"https:\/\/blogs.diariovasco.com\/trampolin-vida\/wp-json\/wp\/v2\/comments?post=991"}],"version-history":[{"count":0,"href":"https:\/\/blogs.diariovasco.com\/trampolin-vida\/wp-json\/wp\/v2\/posts\/991\/revisions"}],"wp:attachment":[{"href":"https:\/\/blogs.diariovasco.com\/trampolin-vida\/wp-json\/wp\/v2\/media?parent=991"}],"wp:term":[{"taxonomy":"category","embeddable":true,"href":"https:\/\/blogs.diariovasco.com\/trampolin-vida\/wp-json\/wp\/v2\/categories?post=991"},{"taxonomy":"post_tag","embeddable":true,"href":"https:\/\/blogs.diariovasco.com\/trampolin-vida\/wp-json\/wp\/v2\/tags?post=991"}],"curies":[{"name":"wp","href":"https:\/\/api.w.org\/{rel}","templated":true}]}}