{"id":18,"date":"2007-03-03T13:30:54","date_gmt":"2007-03-03T13:30:54","guid":{"rendered":"http:\/\/blogs.diariovasco.com\/unicef\/?p=18"},"modified":"2007-03-03T13:30:54","modified_gmt":"2007-03-03T13:30:54","slug":"somalia_llamamiento_de_emergencia","status":"publish","type":"post","link":"https:\/\/blogs.diariovasco.com\/unicef\/2007\/03\/03\/somalia_llamamiento_de_emergencia\/","title":{"rendered":"Somalia, llamamiento de emergencia"},"content":{"rendered":"<p><FONT color=#333333><br \/>\n<TABLE class=\" FCK__ShowTableBorders\" cellSpacing=2 cellPadding=1 width=220 align=right border=0><br \/>\n    <TBODY><br \/>\n        <TR><br \/>\n            <TD><IMG height=165 src=\"\/unicef\/wp-content\/uploads\/sites\/24\" width=220><\/TD><br \/>\n        <\/TR><br \/>\n        <TR><br \/>\n            <TD bgColor=#dddddd><FONT size=1>Dos ni\u00f1os caminan por una calle abarrotada y llena de escombros en Mogadiscio, la capital de Somalia.&nbsp;[Michael Kamber\/UNICEF]<\/FONT><\/TD><br \/>\n        <\/TR><br \/>\n    <\/TBODY><br \/>\n<\/TABLE><br \/>\n<P>Los ni\u00f1os y ni\u00f1as en Somalia, particularmente en el sur, est\u00e1n sufriendo las consecuencias de una crisis humanitaria triple: sequ\u00eda, inundaciones y ahora el conflicto. Si la situaci\u00f3n no se estabiliza r\u00e1pidamente, nadie puede garantizar la seguridad de los ni\u00f1os y las ni\u00f1as somal\u00edes. Muchos de ellos van a quedar hu\u00e9rfanos, van a ser separados de sus familias o se van a convertir en v\u00edctimas del abuso y el abandono. <\/P><br \/>\n<P>Las divisiones \u00e9tnicas que siguen sin resolverse, la debilitada y a veces inexistente administraci\u00f3n, as\u00ed como la pobreza, limitan extremadamente el acceso a la atenci\u00f3n sanitaria de salud, al agua potable y a la educaci\u00f3n primaria.<BR><BR><\/P><br \/>\n<!--more--><br \/>\n<P>M\u00e1s del 20% de los ni\u00f1os sufren desnutrici\u00f3n aguda. Debido al deficiente acceso a los servicios de salud y a los continuos desplazamientos provocados por el conflicto y la sequ\u00eda, el control de las enfermedades prevenibles resulta muy problem\u00e1tico. S\u00f3lo el 29% de la poblaci\u00f3n tiene acceso a fuentes de agua seguras y poco m\u00e1s de la mitad a sistemas mejorados de evacuaci\u00f3n de residuos. <\/P><br \/>\n<P><br \/>\n<TABLE class=\" FCK__ShowTableBorders\" style=\"WIDTH: 173px; HEIGHT: 253px\" cellSpacing=2 cellPadding=1 width=173 align=right border=0><br \/>\n    <TBODY><br \/>\n        <TR><br \/>\n            <TD><IMG height=165 src=\"\/unicef\/wp-content\/uploads\/sites\/24\" width=220><\/TD><br \/>\n        <\/TR><br \/>\n        <TR><br \/>\n            <TD bgColor=#dddddd><FONT size=1>En la aldea de Isdorto, al sur de la regi\u00f3n de Bakol, una ni\u00f1a espera junto a su madre en la cola para recibir ayuda alimentaria en un centro de alimentaci\u00f3n suplementaria.[Brendan Bannon\/UNICEF]<\/FONT><\/TD><br \/>\n        <\/TR><br \/>\n    <\/TBODY><br \/>\n<\/TABLE><br \/>\nEn estas condiciones, enfermedades como el c\u00f3lera o la diarrea son end\u00e9micas. Se estima que la tasa de mortalidad infantil es de 133 muertes por cada 1.000 nacidos vivos y que menos del 30% de los ni\u00f1os y ni\u00f1as asisten a clase.&nbsp;<BR><BR>Somalia necesita urgentemente paz y estabilidad para que se ponga fin al sufrimiento de miles de ni\u00f1os y ni\u00f1as afectados por el conflicto, pues son las principales v\u00edctimas de la actual crisis y, seg\u00fan han asegurado testigos directos, recientemente est\u00e1n entrando a formar parte del conflicto armado como combatientes en activo. Las organizaciones humanitarias est\u00e1n preocupadas de que con el cierre de las fronteras con Kenia aumente la amenaza sobre los somal\u00edes que huyen. Los ni\u00f1os y ni\u00f1as son el grupo m\u00e1s vulnerable de todos y se han recibido informaciones que aseguran que algunos han sido disparados arbitrariamente en las calles, mientras que otros est\u00e1n en riesgo de ser reclutados para combatir a los se\u00f1ores de la guerra. <BR><BR><br \/>\n<TABLE class=\" FCK__ShowTableBorders\" style=\"WIDTH: 143px; HEIGHT: 241px\" cellSpacing=2 cellPadding=1 width=143 align=right border=0><br \/>\n    <TBODY><br \/>\n        <TR><br \/>\n            <TD><IMG height=165 src=\"\/unicef\/wp-content\/uploads\/sites\/24\" width=220><\/TD><br \/>\n        <\/TR><br \/>\n        <TR><br \/>\n            <TD bgColor=#dddddd><FONT size=1>En los primeros d\u00edas de enero, dos mujeres con ni\u00f1os peque\u00f1os caminan entre tiendas de campa\u00f1a construidas con retales y otros materiales.[Michael Kamber\/UNICEF]<\/FONT><\/TD><br \/>\n        <\/TR><br \/>\n    <\/TBODY><br \/>\n<\/TABLE><br \/>\nLa posibilidad de un gobierno centralizado abrir\u00eda nuevas oportunidades en el pa\u00eds, pero existen a\u00fan enormes desaf\u00edos de cara a asegurar un futuro estable para los ni\u00f1os y ni\u00f1as. La principal preocupaci\u00f3n es que la situaci\u00f3n actual restringe el acceso de los trabajadores humanitarios a poblaciones vulnerables, dificultando el reparto de suministros y la vigilancia de posibles violaciones de los derechos de los ni\u00f1os y ni\u00f1as.&nbsp; En estos momentos hay alrededor de 70.000 personas desplazadas por el conflicto armado y la creciente inseguridad, por lo que la asistencia a la escuela se ha visto severamente afectada.<BR><BR>El representante de UNICEF en Somalia, Christian&nbsp; Balslev-Olesen, ha declarado que \u201cla continuaci\u00f3n del conflicto en Somalia pondr\u00eda en peligro los modestos logros conseguidos por los somal\u00edes con la ayuda de la Comunidad Internacional durante los \u00faltimos 15 a\u00f1os\u201d. UNICEF es la organizaci\u00f3n con mayor presencia en Somalia. Opera en el pa\u00eds desde 1972. Tras el derrumbamiento del gobierno somal\u00ed en 1991, UNICEF ha seguido dando servicios a ni\u00f1os y mujeres en Somalia.<\/P><br \/>\n<TABLE class=\" FCK__ShowTableBorders\" cellSpacing=1 cellPadding=5 width=\"100%\" border=0><br \/>\n    <TBODY><br \/>\n        <TR><br \/>\n            <TD bgColor=#dddddd><br \/>\n            <P><FONT color=#333333>Para colaborar en esta emergencia:<\/FONT><\/P><br \/>\n            <P><FONT color=#333333>BBK: &nbsp;&nbsp;2095 0374 70 9107249716<BR>KUTXA:&nbsp;2101 0001 19 0011689189<BR>CAJA VITAL:&nbsp;2097 0149 21 0005231045<BR>BBVA:&nbsp;&nbsp;0182 1300 18 0000891985<\/FONT><\/P><br \/>\n            <\/TD><br \/>\n        <\/TR><br \/>\n    <\/TBODY><br \/>\n<\/TABLE><br \/>\n<\/FONT><\/p>\n<!-- AddThis Advanced Settings generic via filter on the_content --><!-- AddThis Share Buttons generic via filter on the_content -->","protected":false},"excerpt":{"rendered":"<p>Dos ni\u00f1os caminan por una calle abarrotada y llena de escombros en Mogadiscio, la capital de Somalia.&nbsp;[Michael Kamber\/UNICEF] Los ni\u00f1os y ni\u00f1as en Somalia, particularmente en el sur, est\u00e1n sufriendo las consecuencias de una crisis humanitaria triple: sequ\u00eda, inundaciones y ahora el conflicto. Si la situaci\u00f3n no se estabiliza r\u00e1pidamente, nadie puede garantizar la seguridad [&hellip;]<!-- AddThis Advanced Settings generic via filter on get_the_excerpt --><!-- AddThis Share Buttons generic via filter on get_the_excerpt --><\/p>\n","protected":false},"author":42,"featured_media":0,"comment_status":"open","ping_status":"closed","sticky":false,"template":"","format":"standard","meta":[],"categories":[2],"tags":[8],"_links":{"self":[{"href":"https:\/\/blogs.diariovasco.com\/unicef\/wp-json\/wp\/v2\/posts\/18"}],"collection":[{"href":"https:\/\/blogs.diariovasco.com\/unicef\/wp-json\/wp\/v2\/posts"}],"about":[{"href":"https:\/\/blogs.diariovasco.com\/unicef\/wp-json\/wp\/v2\/types\/post"}],"author":[{"embeddable":true,"href":"https:\/\/blogs.diariovasco.com\/unicef\/wp-json\/wp\/v2\/users\/42"}],"replies":[{"embeddable":true,"href":"https:\/\/blogs.diariovasco.com\/unicef\/wp-json\/wp\/v2\/comments?post=18"}],"version-history":[{"count":0,"href":"https:\/\/blogs.diariovasco.com\/unicef\/wp-json\/wp\/v2\/posts\/18\/revisions"}],"wp:attachment":[{"href":"https:\/\/blogs.diariovasco.com\/unicef\/wp-json\/wp\/v2\/media?parent=18"}],"wp:term":[{"taxonomy":"category","embeddable":true,"href":"https:\/\/blogs.diariovasco.com\/unicef\/wp-json\/wp\/v2\/categories?post=18"},{"taxonomy":"post_tag","embeddable":true,"href":"https:\/\/blogs.diariovasco.com\/unicef\/wp-json\/wp\/v2\/tags?post=18"}],"curies":[{"name":"wp","href":"https:\/\/api.w.org\/{rel}","templated":true}]}}