{"id":31,"date":"2007-04-26T14:11:20","date_gmt":"2007-04-26T14:11:20","guid":{"rendered":"http:\/\/blogs.diariovasco.com\/unicef\/?p=31"},"modified":"2007-04-26T14:11:20","modified_gmt":"2007-04-26T14:11:20","slug":"calendario_de_actos_y_actividades","status":"publish","type":"post","link":"https:\/\/blogs.diariovasco.com\/unicef\/2007\/04\/26\/calendario_de_actos_y_actividades\/","title":{"rendered":"Calendario de actos y actividades"},"content":{"rendered":"<p><!--more--><br \/>\n<P><\/FONT><FONT color=#333333>\u00b7\u00b7\u00b7\u00b7\u00b7\u00b7\u00b7\u00b7\u00b7\u00b7\u00b7\u00b7\u00b7\u00b7\u00b7\u00b7\u00b7\u00b7\u00b7\u00b7\u00b7\u00b7\u00b7\u00b7\u00b7\u00b7\u00b7\u00b7\u00b7\u00b7\u00b7\u00b7\u00b7\u00b7\u00b7\u00b7\u00b7\u00b7\u00b7\u00b7\u00b7\u00b7\u00b7\u00b7\u00b7\u00b7\u00b7\u00b7\u00b7\u00b7\u00b7\u00b7\u00b7\u00b7\u00b7\u00b7\u00b7\u00b7\u00b7\u00b7\u00b7\u00b7\u00b7\u00b7FEBRERO\u00b7\u00b7\u00b7\u00b7\u00b7\u00b7\u00b7\u00b7\u00b7\u00b7\u00b7\u00b7\u00b7\u00b7\u00b7\u00b7\u00b7\u00b7\u00b7\u00b7\u00b7\u00b7\u00b7\u00b7\u00b7\u00b7\u00b7\u00b7\u00b7\u00b7\u00b7\u00b7\u00b7\u00b7\u00b7\u00b7\u00b7\u00b7\u00b7\u00b7\u00b7\u00b7\u00b7\u00b7\u00b7\u00b7\u00b7\u00b7\u00b7\u00b7\u00b7\u00b7\u00b7\u00b7\u00b7\u00b7\u00b7\u00b7\u00b7\u00b7\u00b7\u00b7\u00b7\u00b7<BR><\/FONT><FONT color=#333333><BR>21 de febrero<BR><STRONG>D\u00cdA INTERNACIONAL DEL IDIOMA MATERNO <BR><\/STRONG><\/FONT><FONT color=#333333>Las lenguas son el instrumento de mayor alcance para la preservaci\u00f3n y desarrollo de nuestra herencia cultural. Toda iniciativa para promover la difusi\u00f3n de las lenguas maternas servir\u00e1, no solamente para incentivar la diversidad ling\u00fc\u00edstica y la educaci\u00f3n multiling\u00fce, sino tambi\u00e9n para crear mayor conciencia sobre las tradiciones ling\u00fc\u00edsticas y culturales del mundo e inspirar la solidaridad basada en el entendimiento, la tolerancia y el di\u00e1logo.<BR><BR>El t\u00e9rmino \u201clengua materna\u201d hace referencia a varias situaciones:<BR>&#8211;&nbsp;El o los idiomas que hemos aprendido primero.<BR>&#8211;&nbsp;El o los idiomas con los que nos identificamos o con el que nos identifican los dem\u00e1s.<BR>&#8211;&nbsp;El idioma que mejor hablamos y que m\u00e1s usamos.<BR>&#8211;&nbsp;El primer idioma.<BR><BR>\u00b7\u00b7\u00b7\u00b7\u00b7\u00b7\u00b7\u00b7\u00b7\u00b7\u00b7\u00b7\u00b7\u00b7\u00b7\u00b7\u00b7\u00b7\u00b7\u00b7\u00b7\u00b7\u00b7\u00b7\u00b7\u00b7\u00b7\u00b7\u00b7\u00b7\u00b7\u00b7\u00b7\u00b7\u00b7\u00b7\u00b7\u00b7\u00b7\u00b7\u00b7\u00b7\u00b7\u00b7\u00b7\u00b7\u00b7\u00b7\u00b7\u00b7\u00b7\u00b7\u00b7\u00b7\u00b7\u00b7\u00b7\u00b7\u00b7\u00b7\u00b7\u00b7\u00b7\u00b7MARZO\u00b7\u00b7\u00b7\u00b7\u00b7\u00b7\u00b7\u00b7\u00b7\u00b7\u00b7\u00b7\u00b7\u00b7\u00b7\u00b7\u00b7\u00b7\u00b7\u00b7\u00b7\u00b7\u00b7\u00b7\u00b7\u00b7\u00b7\u00b7\u00b7\u00b7\u00b7\u00b7\u00b7\u00b7\u00b7\u00b7\u00b7\u00b7\u00b7\u00b7\u00b7\u00b7\u00b7\u00b7\u00b7\u00b7\u00b7\u00b7\u00b7\u00b7\u00b7\u00b7\u00b7\u00b7\u00b7\u00b7\u00b7\u00b7\u00b7\u00b7\u00b7\u00b7\u00b7\u00b7<BR><BR>8 de marzo <BR><STRONG>D\u00cdA DE LAS NACIONES UNIDAS PARA LOS DERECHOS DE LA MUJER Y LA PAZ INTERNACIONAL<\/STRONG><BR><\/FONT><FONT color=#333333>La violencia contra la mujer todav\u00eda no ha recibido la atenci\u00f3n prioritaria y los recursos que se requieren en todos los niveles para abordarla con la seriedad y la visibilidad necesarias. Por ello, el 8 de marzo se reclama la igualdad de derechos y de condiciones de vida para las mujeres, en un mundo que tradicionalmente ha marginado a la mitad de su poblaci\u00f3n por la \u00fanica raz\u00f3n de su sexo.<BR><BR>La decisi\u00f3n de convertir esta celebraci\u00f3n en una festividad internacional corri\u00f3 a cargo de Clara Zetkin (1857-1933), l\u00edder del movimiento alem\u00e1n de mujeres socialistas. La propuesta ten\u00eda un antecedente en el que inspirarse: el Women\u2019s Day que las socialistas estadounidenses llevaban celebrando desde 1908, cuya finalidad era la reivindicaci\u00f3n del derecho al voto para las mujeres. La fecha del 8 de marzo se consolid\u00f3 a partir del levantamiento de mujeres rusas en esa fecha de 1917 reclamando alimentos, d\u00eda que se considera el comienzo de la Revoluci\u00f3n Rusa. <\/FONT><\/P><br \/>\n<P><\/P><br \/>\n<P><FONT color=#333333>21 de marzo<BR><STRONG>D\u00cdA INTERNACIONAL PARA LA ELIMINACI\u00d3N DE LA DISCRIMINACI\u00d3N RACIAL<\/STRONG><BR>El 21 de marzo del a\u00f1o 1960, la polic\u00eda dispar\u00f3 contra una manifestaci\u00f3n pac\u00edfica que se realizaba en Sharpeville, Sud\u00e1frica, para protestar contra las leyes del apartheid. La ONU, a trav\u00e9s de este d\u00eda, quiere recordarnos su prop\u00f3sito de combatir y erradicar el racismo, la discriminaci\u00f3n racial, la xenofobia y todas las formas relacionadas de intolerancia que se manifiestan en diferentes partes del mundo y que suponen una violaci\u00f3n de los derechos humanos y la dignidad humana.<\/FONT><\/P><br \/>\n<P><FONT color=#333333>22 de marzo<BR><STRONG>D\u00cdA MUNDIAL DEL AGUA<\/STRONG> <BR><\/FONT><FONT color=#333333>Este d\u00eda es una ocasi\u00f3n \u00fanica para recordar que mientras nosotros menospreciamos un bien tan fundamental para nuestra vida como es el agua, muchas personas en el mundo no tienen acceso a la cantidad de agua potable necesaria para su supervivencia.<BR><BR>El agua apta para uso humano (dulce, potable y de f\u00e1cil acceso) es una parte muy peque\u00f1a del total y su escasez no se debe s\u00f3lo a las condiciones naturales de determinadas regiones, sino que tiene mucho que ver con el aumento de la poblaci\u00f3n, el despilfarro y la contaminaci\u00f3n. <BR><BR><\/FONT><FONT color=#333333>23 de marzo<BR><STRONG>D\u00cdA METEOROL\u00d3GICO MUNDIAL<\/STRONG> <BR>El 23 de marzo de 1950 se constituy\u00f3 formalmente la Organizaci\u00f3n Meteorol\u00f3gica Mundial (OMM) con el fin de promover la cooperaci\u00f3n internacional en servicios y observaciones meteorol\u00f3gicos, el intercambio r\u00e1pido de informaci\u00f3n meteorol\u00f3gica, la normalizaci\u00f3n de las observaciones meteorol\u00f3gicas y la publicaci\u00f3n uniforme de observaciones y estad\u00edsticas.<BR><BR>La cooperaci\u00f3n internacional entre las ciencias que estudian el clima y el tiempo produce muchos beneficios que se reflejan en sectores tan sensibles a las condiciones meteorol\u00f3gicas como la agricultura, la gesti\u00f3n del agua, la explotaci\u00f3n de recursos naturales, la aviaci\u00f3n y las actividades mar\u00edtimas.<BR><BR><\/FONT><FONT color=#333333>24 de marzo<BR><STRONG>D\u00cdA MUNDIAL DE LA TUBERCULOSIS<\/STRONG> <BR><\/FONT><FONT color=#333333>La tuberculosis en el siglo XIX lleg\u00f3 a convertirse, en Europa y Am\u00e9rica, en una de las m\u00e1s graves epidemias de esa \u00e9poca. Hoy en d\u00eda, a pesar de haber pasado poco m\u00e1s de un siglo, y aunque la situaci\u00f3n ha mejorado considerablemente en todo el mundo, la tuberculosis sigue siendo una amenaza para la salud y el bienestar de muchas personas.<BR><BR><\/FONT><FONT color=#333333>Este es un d\u00eda para reconocer la colaboraci\u00f3n de todos los pa\u00edses que luchan contra esta enfermedad. La tuberculosis se puede curar, controlar y, con esfuerzos diligentes y recursos suficientes, eliminar.<\/FONT><\/P><br \/>\n<P><FONT color=#333333>\u00b7\u00b7\u00b7\u00b7\u00b7\u00b7\u00b7\u00b7\u00b7\u00b7\u00b7\u00b7\u00b7\u00b7\u00b7\u00b7\u00b7\u00b7\u00b7\u00b7\u00b7\u00b7\u00b7\u00b7\u00b7\u00b7\u00b7\u00b7\u00b7\u00b7\u00b7\u00b7\u00b7\u00b7\u00b7\u00b7\u00b7\u00b7\u00b7\u00b7\u00b7\u00b7\u00b7\u00b7\u00b7\u00b7\u00b7\u00b7\u00b7\u00b7\u00b7\u00b7\u00b7\u00b7\u00b7\u00b7\u00b7\u00b7\u00b7\u00b7\u00b7\u00b7\u00b7\u00b7ABRIL\u00b7\u00b7\u00b7\u00b7\u00b7\u00b7\u00b7\u00b7\u00b7\u00b7\u00b7\u00b7\u00b7\u00b7\u00b7\u00b7\u00b7\u00b7\u00b7\u00b7\u00b7\u00b7\u00b7\u00b7\u00b7\u00b7\u00b7\u00b7\u00b7\u00b7\u00b7\u00b7\u00b7\u00b7\u00b7\u00b7\u00b7\u00b7\u00b7\u00b7\u00b7\u00b7\u00b7\u00b7\u00b7\u00b7\u00b7\u00b7\u00b7\u00b7\u00b7\u00b7\u00b7\u00b7\u00b7\u00b7\u00b7\u00b7\u00b7\u00b7\u00b7\u00b7\u00b7\u00b7<\/FONT><FONT color=#333333><BR><BR>7 de abril<BR><STRONG>D\u00cdA MUNDIAL DE LA SALUD <BR><\/STRONG><\/FONT><FONT color=#333333>La salud no es \u00fanicamente ausencia de enfermedad, sino un adecuado equilibrio entre las condiciones f\u00edsicas, mentales, culturales y sociales de los seres humanos. La salud es un estado de completo bienestar f\u00edsico y mental.<\/FONT><\/P><br \/>\n<P><FONT color=#333333>La Organizaci\u00f3n Mundial de la Salud (OMS) trabaja&nbsp; para mejorar la salud f\u00edsica y mental de los individuos: emprende campa\u00f1as contra enfermedades y ha hecho hincapi\u00e9 en la necesidad de que todos los pa\u00edses establezcan sistemas que tengan como fin ayudar a prevenir, conservar o restituir la salud.<\/FONT><\/P><br \/>\n<P><FONT color=#333333>23 de abril<BR><STRONG>D\u00cdA MUNDIAL DEL LIBRO Y LOS DERECHOS DE AUTOR<\/STRONG><BR><\/FONT><FONT color=#333333>Esta importante iniciativa se pretende promover en 80 pa\u00edses, entre millones de personas, incluyendo aquellos que viven en condiciones de pobreza y sufren violencia, pretendiendo que el libro suponga su libertad y un est\u00edmulo para luchar por un mundo mejor. Los libros nos transportan a nuevos mundos, nos ayudan a concebir nuevas formas de vida, reflexionar, incrementar nuestros conocimientos, nos hace so\u00f1ar, imaginar y descubrir.<\/FONT><\/P><br \/>\n<P><FONT color=#333333>Un 23 de abril de 1616 mor\u00edan Miguel de Cervantes Saavedra y William Shakespeare, as\u00ed lo hac\u00eda tambi\u00e9n Garcilaso de la Vega en 1536.<\/FONT><\/P><br \/>\n<P><FONT color=#333333>26 de abril<BR><STRONG>D\u00cdA MUNDIAL DE LA PROPIEDAD INTELECTUAL <BR><\/STRONG>El D\u00eda Mundial de la Propiedad Intelectual fue creado por Naciones Unidas con la finalidad de que se reconozca y recompense la creatividad de los inventores, inventoras, autores y artistas, as\u00ed como su contribuci\u00f3n para mejorar la sociedad.<BR><BR>Para promover la protecci\u00f3n de la propiedad intelectual en el mundo entero, existe un organismo internacional, que es la Organizaci\u00f3n Mundial de la Propiedad Intelectual (OMPI), miembro de Naciones Unidas. Este organismo trabaja por la protecci\u00f3n de los derechos de los creadores y los titulares de la propiedad intelectual, impulsando la instauraci\u00f3n de una cultura universal de la creatividad.<\/FONT><\/P><br \/>\n<P><FONT color=#333333>\u00b7\u00b7\u00b7\u00b7\u00b7\u00b7\u00b7\u00b7\u00b7\u00b7\u00b7\u00b7\u00b7\u00b7\u00b7\u00b7\u00b7\u00b7\u00b7\u00b7\u00b7\u00b7\u00b7\u00b7\u00b7\u00b7\u00b7\u00b7\u00b7\u00b7\u00b7\u00b7\u00b7\u00b7\u00b7\u00b7\u00b7\u00b7\u00b7\u00b7\u00b7\u00b7\u00b7\u00b7\u00b7\u00b7\u00b7\u00b7\u00b7\u00b7\u00b7\u00b7\u00b7\u00b7\u00b7\u00b7\u00b7\u00b7\u00b7\u00b7\u00b7\u00b7\u00b7\u00b7MAYO\u00b7\u00b7\u00b7\u00b7\u00b7\u00b7\u00b7\u00b7\u00b7\u00b7\u00b7\u00b7\u00b7\u00b7\u00b7\u00b7\u00b7\u00b7\u00b7\u00b7\u00b7\u00b7\u00b7\u00b7\u00b7\u00b7\u00b7\u00b7\u00b7\u00b7\u00b7\u00b7\u00b7\u00b7\u00b7\u00b7\u00b7\u00b7\u00b7\u00b7\u00b7\u00b7\u00b7\u00b7\u00b7\u00b7\u00b7\u00b7\u00b7\u00b7\u00b7\u00b7\u00b7\u00b7\u00b7\u00b7\u00b7\u00b7\u00b7\u00b7\u00b7\u00b7\u00b7\u00b7<\/FONT><\/P><br \/>\n<P><FONT color=#333333>3 de mayo<BR><STRONG>D\u00cdA MUNDIAL DE LA LIBERTAD DE PRENSA<\/STRONG> <BR><\/FONT><FONT color=#333333><EM>\u201cTodo individuo tiene derecho a la libertad de opini\u00f3n y de expresi\u00f3n; este derecho incluye el de no ser molestado a causa de sus opiniones, el de investigar y recibir informaciones y opiniones, y el de difundirlas, sin limitaci\u00f3n de fronteras, por cualquier medio de expresi\u00f3n.\u201d<BR><\/EM><\/FONT><FONT color=#333333 size=1>Art\u00edculo 19 de la Declaraci\u00f3n Universal de los Derechos Humanos.<\/FONT><\/P><br \/>\n<P><FONT color=#333333>Todav\u00eda existen muchos pa\u00edses donde los periodistas no tienen la libertad de poder expresar lo que piensan, y si lo hacen corren grandes riesgos como: amenazas, secuestros e incluso en muchas ocasiones hasta perder la vida.<\/FONT><\/P><br \/>\n<P><FONT color=#333333>15 de mayo<BR><STRONG>D\u00cdA INTERNACIONAL DE LAS FAMILIAS <BR><\/STRONG><\/FONT><FONT color=#333333>Aunque hoy en d\u00eda la composici\u00f3n de las familias var\u00eda mucho, la familia sigue siendo considerada a\u00fan universalmente como la unidad b\u00e1sica de la sociedad. La Organizaci\u00f3n de las Naciones Unidas reconoce y afirma la importancia de la familia como un lugar privilegiado para la educaci\u00f3n.<\/FONT><\/P><br \/>\n<P><FONT color=#333333>La celebraci\u00f3n del D\u00eda Internacional de las Familias es una oportunidad en todo el mundo, para que las familias demuestren su solidaridad y reflexionen sobre como mejorar la relaci\u00f3n entre todos sus miembros.<\/FONT><\/P><br \/>\n<P><FONT color=#333333>17 de mayo<BR><STRONG>D\u00cdA INTERNACIONAL DE LAS TELECOMUNICACIONES<\/STRONG> <BR><\/FONT><FONT color=#333333>El 17 de mayo de 1865 se fund\u00f3 en Par\u00eds la Uni\u00f3n Internacional de Tel\u00e9grafos que, a\u00f1os m\u00e1s tarde, en 1934, adopt\u00f3 el nombre de Uni\u00f3n Internacional de Telecomunicaciones (UIT). Es la m\u00e1s antigua organizaci\u00f3n intergubernamental de las Naciones Unidas y algunas de sus funciones son: promover el desarrollo y el funcionamiento eficiente de las instalaciones de telecomunicaciones, lograr que los beneficios de las nuevas tecnolog\u00edas lleguen a toda la gente, y ofrecer asistencia t\u00e9cnica a los pa\u00edses en desarrollo.<\/FONT><\/P><br \/>\n<P><FONT color=#333333>22 de mayo<BR><STRONG>D\u00cdA INTERNACIONAL DE LA DIVERSIDAD BIOL\u00d3GICA<\/STRONG> <BR><\/FONT><FONT color=#333333>La diversidad biol\u00f3gica, o biodiversidad, es el t\u00e9rmino por el que se hace referencia a la amplia variedad de seres vivos sobre la Tierra y los patrones naturales que conforman. La diversidad biol\u00f3gica que observamos hoy es el fruto de miles de millones de a\u00f1os de evoluci\u00f3n, moldeada por procesos naturales y, cada vez m\u00e1s, por la influencia del ser humano.<\/FONT><\/P><br \/>\n<P><FONT color=#333333>Nosotros y nosotras tenemos la llave de la sostenibilidad de nuestra casa, es decir, de nuestro planeta. Si seguimos manteniendo un nivel de vida centrado en el consumismo y el despilfarro acabaremos con la riqueza de la vida y, a medio y largo plazo, con nosotros mismos.<\/FONT><\/P><br \/>\n<P><FONT color=#333333>31 de mayo<BR><STRONG>D\u00cdA MUNDIAL SIN TABACO <BR><\/STRONG><\/FONT><FONT color=#333333>El tabaco se est\u00e1 convirtiendo r\u00e1pidamente en la mayor causa de muerte. Todos sabemos el da\u00f1o que hace fumar, cada d\u00eda aparecen nuevos estudios que nos muestran los riesgos del tabaquismo y nos enteramos de noticias como estas: &#8216; 4 millones de muertes anuales en el mundo son provocadas por el consumo de tabaco&#8217;. Los fumadores que comienzan a fumar en la adolescencia y siguen fumando regularmente tienen una probabilidad del 50% de morir a causa del tabaco.<\/FONT><\/P><br \/>\n<P><FONT color=#333333>\u00b7\u00b7\u00b7\u00b7\u00b7\u00b7\u00b7\u00b7\u00b7\u00b7\u00b7\u00b7\u00b7\u00b7\u00b7\u00b7\u00b7\u00b7\u00b7\u00b7\u00b7\u00b7\u00b7\u00b7\u00b7\u00b7\u00b7\u00b7\u00b7\u00b7\u00b7\u00b7\u00b7\u00b7\u00b7\u00b7\u00b7\u00b7\u00b7\u00b7\u00b7\u00b7\u00b7\u00b7\u00b7\u00b7\u00b7\u00b7\u00b7\u00b7\u00b7\u00b7\u00b7\u00b7\u00b7\u00b7\u00b7\u00b7\u00b7\u00b7\u00b7\u00b7\u00b7\u00b7JUNIO\u00b7\u00b7\u00b7\u00b7\u00b7\u00b7\u00b7\u00b7\u00b7\u00b7\u00b7\u00b7\u00b7\u00b7\u00b7\u00b7\u00b7\u00b7\u00b7\u00b7\u00b7\u00b7\u00b7\u00b7\u00b7\u00b7\u00b7\u00b7\u00b7\u00b7\u00b7\u00b7\u00b7\u00b7\u00b7\u00b7\u00b7\u00b7\u00b7\u00b7\u00b7\u00b7\u00b7\u00b7\u00b7\u00b7\u00b7\u00b7\u00b7\u00b7\u00b7\u00b7\u00b7\u00b7\u00b7\u00b7\u00b7\u00b7\u00b7\u00b7\u00b7\u00b7\u00b7\u00b7<BR><BR><\/FONT><FONT color=#333333>4 de junio<BR><STRONG>D\u00cdA MUNDIAL DE LOS NI\u00d1OS INOCENTES V\u00cdCTIMAS DE AGRESI\u00d3N<\/STRONG> <BR><\/FONT><FONT color=#333333>El 19 de agosto de 1982, en su periodo extraordinario de sesiones de emergencia sobre la cuesti\u00f3n de Palestina, la Asamblea General, consternada por el gran n\u00famero de ni\u00f1os palestinos y libaneses inocentes v\u00edctimas de los actos de agresi\u00f3n de Israel, decidi\u00f3 conmemorar el 4 de junio de cada a\u00f1o el D\u00eda Internacional de los Ni\u00f1os V\u00edctimas Inocentes de la Agresi\u00f3n.<\/FONT><\/P><br \/>\n<P><FONT color=#333333>200.000 menores se ven obligados a ir a las guerras, las cuales dejan un reguero de muertes, hu\u00e9rfanos y mutilados. Estos ven c\u00f3mo sus redes sociales, su desarrollo f\u00edsico, psicol\u00f3gico y social se rompen al participar en la guerra. <\/FONT><\/P><br \/>\n<P><FONT color=#333333>Los ni\u00f1os y adolescentes tambi\u00e9n son v\u00edctimas de la violencia que se ejerce dentro del hogar, la cual adopta m\u00faltiples formas, no solo da\u00f1o f\u00edsico, tambi\u00e9n la falta de atenci\u00f3n o el maltrato psicol\u00f3gico son formas de violencia.<\/FONT><\/P><br \/>\n<P><FONT color=#333333>5 de junio<BR><STRONG>D\u00cdA MUNDIAL DEL MEDIO AMBIENTE<\/STRONG> <BR><\/FONT><FONT color=#333333>Uno de los problemas m\u00e1s graves que afecta a todos los seres humanos por igual, en la actualidad, es el deterioro del medio ambiente.<\/FONT><\/P><br \/>\n<P><FONT color=#333333>Este d\u00eda se ha convertido en un acontecimiento de car\u00e1cter popular con ocasi\u00f3n del cual, gobiernos, particulares y grupos comunitarios organizan un sinn\u00famero de actividades para mejorar su medio ambiente. En muchos pa\u00edses, este acontecimiento anual sirve para aumentar la atenci\u00f3n que se presta a nivel pol\u00edtico a los problemas del medio ambiente y poner de relieve las actividades.<\/FONT><\/P><br \/>\n<P><FONT color=#333333>16 de junio<BR><STRONG>D\u00cdA DEL NI\u00d1O AFRICANO<\/STRONG><BR>Este d\u00eda se estableci\u00f3 a partir de una marcha que tuvo lugar en 1976, cuando miles de ni\u00f1os y ni\u00f1as de raza negra en edad escolar salieron a las calles en Soweto, Sud\u00e1frica, para protestar porque su educaci\u00f3n era de una calidad inferior y tambi\u00e9n para demandar el cumplimiento de su derecho a recibir educaci\u00f3n en su propia lengua.<BR><BR>En esa manifestaci\u00f3n, cientos de j\u00f3venes, ni\u00f1os y ni\u00f1as, fueron asesinados, al igual que en las dos semanas siguientes en las que continuaron las protestas, en las cuales m\u00e1s de cien personas murieron y m\u00e1s de mil resultaron heridas. <\/FONT><\/P><br \/>\n<P><FONT color=#333333>17 de junio<BR><STRONG>D\u00cdA MUNDIAL DE LUCHA CONTRA LA DESERTIZACI\u00d3N Y LA SEQU\u00cdA<\/STRONG> <BR><\/FONT><FONT color=#333333>La desertizaci\u00f3n es el proceso por el que las tierras de cultivo o los pastizales pierden su capacidad de regenerarse y se transforman en improductivas. Actualmente este proceso de degradaci\u00f3n de suelos afecta de alguna manera a 1.200 millones de personas en todo el planeta, que viven fundamentalmente de la agricultura y la ganader\u00eda. <\/FONT><\/P><br \/>\n<P><FONT color=#333333>Las causas son muchas, algunas naturales y otras consecuencia de la desafortunada intervenci\u00f3n humana. Las inversiones necesarias para paliar el problema son enormes. De momento, lo que cabe esperar de todos nosotros es un mayor respeto por el medio ambiente, que nos permita aprovechar sus recursos sin necesariamente acabar con ellos, como ocurre con \u00e9ste y otros tantos problemas similares.<\/FONT><\/P><br \/>\n<P><FONT color=#333333>20 de junio<BR><STRONG>D\u00cdA MUNDIAL DEL REFUGIADO <BR><\/STRONG>La Convenci\u00f3n de 1951 sobre el Estatuto de los Refugiados, define a un refugiado como la persona que:<BR><BR><EM>&#8220;debido a fundados temores de ser perseguida por motivos de raza, religi\u00f3n, nacionalidad, pertenencia a determinado grupo social u opiniones pol\u00edticas, se encuentra fuera del pa\u00eds de su nacionalidad y no puede o no quiere acogerse a la protecci\u00f3n de tal pa\u00eds o no quiere regresar a \u00e9l a causa de dichos temores&#8230;&#8221;<BR><\/EM><BR>Este d\u00eda deber\u00eda servir para reflexionar sobre la situaci\u00f3n de los refugiados en el mundo, ya que muchos de ellos todav\u00eda esperan una soluci\u00f3n para sus dificultades, y las causas que le han llevado a esta condici\u00f3n.<\/FONT><\/P><br \/>\n<P><FONT color=#333333>26 de junio<BR><STRONG>D\u00cdA INTERNACIONAL DE LA LUCHA CONTRA EL USO INDEBIDO Y EL TR\u00c1FICO IL\u00cdCITO DE DROGAS<\/STRONG><BR>Cada a\u00f1o el 26 de junio, los pa\u00edses concentran su atenci\u00f3n en el fen\u00f3meno de las drogas, a fin de coordinar estrategias de prevenci\u00f3n y control. Este d\u00eda es una oportunidad para unir los esfuerzos de los gobiernos con los de las organizaciones no gubernamentales y el sector privado en favor del mayor conocimiento sobre el tema de la fiscalizaci\u00f3n de drogas, para promover la adopci\u00f3n de medidas preventivas y conseguir que el p\u00fablico tenga mayor conciencia de la lucha contra el uso indebido de estas sustancias.<BR><BR><\/FONT><FONT color=#333333>\u00b7\u00b7\u00b7\u00b7\u00b7\u00b7\u00b7\u00b7\u00b7\u00b7\u00b7\u00b7\u00b7\u00b7\u00b7\u00b7\u00b7\u00b7\u00b7\u00b7\u00b7\u00b7\u00b7\u00b7\u00b7\u00b7\u00b7\u00b7\u00b7\u00b7\u00b7\u00b7\u00b7\u00b7\u00b7\u00b7\u00b7\u00b7\u00b7\u00b7\u00b7\u00b7\u00b7\u00b7\u00b7\u00b7\u00b7\u00b7\u00b7\u00b7\u00b7\u00b7\u00b7\u00b7\u00b7\u00b7\u00b7\u00b7\u00b7\u00b7\u00b7\u00b7\u00b7\u00b7JULIO\u00b7\u00b7\u00b7\u00b7\u00b7\u00b7\u00b7\u00b7\u00b7\u00b7\u00b7\u00b7\u00b7\u00b7\u00b7\u00b7\u00b7\u00b7\u00b7\u00b7\u00b7\u00b7\u00b7\u00b7\u00b7\u00b7\u00b7\u00b7\u00b7\u00b7\u00b7\u00b7\u00b7\u00b7\u00b7\u00b7\u00b7\u00b7\u00b7\u00b7\u00b7\u00b7\u00b7\u00b7\u00b7\u00b7\u00b7\u00b7\u00b7\u00b7\u00b7\u00b7\u00b7\u00b7\u00b7\u00b7\u00b7\u00b7\u00b7\u00b7\u00b7\u00b7\u00b7\u00b7<BR><BR>7 de julio<BR><STRONG>D\u00cdA INTERNACIONAL DE LAS COOPERATIVAS<\/STRONG> <BR>Una cooperativa es una organizaci\u00f3n en la que los propietarios y todos los que participan en ella se benefician de sus servicios. Un ejemplo muy habitual son las cooperativas agrarias. Lo que distingue una cooperativa de una empresa normal es, primordialmente, que su fin principal es proporcionar servicios a sus socios y no obtener beneficios, es decir el protagonista es el socio y su comunidad y no la ganancia del &#8220;due\u00f1o&#8221;. Las cooperativas son una alternativa a la empresa capitalista normal.<\/FONT><\/P><br \/>\n<P><FONT color=#333333>11 de julio<BR><STRONG>D\u00cdA MUNDIAL DE LA POBLACI\u00d3N<BR><\/STRONG><\/FONT><FONT color=#333333>Actualmente somos m\u00e1s de 6.000 millones de habitantes en el planeta y las previsiones m\u00e1s pesimistas esperan casi 11.000 millones de personas para el a\u00f1o 2050. El crecimiento actual de la poblaci\u00f3n es muy r\u00e1pido y provoca una gran alarma entre los especialistas por las innumerables dificultades relacionadas, especialmente, con los recursos disponibles (agua, tierras de cultivo, alimentos, atenci\u00f3n sanitaria y educativa) y el deterioro del medio ambiente. <\/FONT><\/P><br \/>\n<P><FONT color=#333333>Este d\u00eda quiere centrar la atenci\u00f3n de todos nosotros en la importancia de los problemas demogr\u00e1ficos, que afectan gravemente a los planes de desarrollo de muchos pa\u00edses.<BR><BR><\/FONT><FONT color=#333333>\u00b7\u00b7\u00b7\u00b7\u00b7\u00b7\u00b7\u00b7\u00b7\u00b7\u00b7\u00b7\u00b7\u00b7\u00b7\u00b7\u00b7\u00b7\u00b7\u00b7\u00b7\u00b7\u00b7\u00b7\u00b7\u00b7\u00b7\u00b7\u00b7\u00b7\u00b7\u00b7\u00b7\u00b7\u00b7\u00b7\u00b7\u00b7\u00b7\u00b7\u00b7\u00b7\u00b7\u00b7\u00b7\u00b7\u00b7\u00b7\u00b7\u00b7\u00b7\u00b7\u00b7\u00b7\u00b7\u00b7\u00b7\u00b7\u00b7\u00b7\u00b7\u00b7\u00b7\u00b7AGOSTO\u00b7\u00b7\u00b7\u00b7\u00b7\u00b7\u00b7\u00b7\u00b7\u00b7\u00b7\u00b7\u00b7\u00b7\u00b7\u00b7\u00b7\u00b7\u00b7\u00b7\u00b7\u00b7\u00b7\u00b7\u00b7\u00b7\u00b7\u00b7\u00b7\u00b7\u00b7\u00b7\u00b7\u00b7\u00b7\u00b7\u00b7\u00b7\u00b7\u00b7\u00b7\u00b7\u00b7\u00b7\u00b7\u00b7\u00b7\u00b7\u00b7\u00b7\u00b7\u00b7\u00b7\u00b7\u00b7\u00b7\u00b7\u00b7\u00b7\u00b7\u00b7\u00b7\u00b7\u00b7<BR><BR><\/FONT><FONT color=#333333>9 de agosto<BR><STRONG>D\u00cdA INTERNACIONAL DE LAS POBLACIONES IND\u00cdGENAS<\/STRONG> <BR><\/FONT><FONT color=#333333>Todos los pa\u00edses est\u00e1n formados por m\u00e1s de un grupo \u00e9tnico, como consecuencia de los intercambios culturales, sociales y econ\u00f3micos que los seres humanos hemos realizado a trav\u00e9s de la historia. Cada grupo \u00e9tnico o cada pueblo produce una cultura que da como resultado distintas costumbres, tradiciones, lenguas, vestuarios, arquitectura, etc. No hay culturas superiores, ni inferiores, sino diversas. Todos los seres humanos somos iguales en cuanto a dignidad y derechos. Sin embargo, existen grupos como los ind\u00edgenas, que hoy en d\u00eda siguen siendo v\u00edctimas de la injusticia y la indiscriminaci\u00f3n.<\/FONT><\/P><br \/>\n<P><FONT color=#333333>12 de agosto<BR><STRONG>D\u00cdA INTERNACIONAL DE LA JUVENTUD<\/STRONG> <BR><\/FONT><FONT color=#333333>La intenci\u00f3n de Naciones Unidas es animar y apoyar a aquellos gobiernos que a\u00fan no lo han hecho, para que formulen y adopten pol\u00edticas nacionales integradas que aborden las inquietudes de la juventud. Tambi\u00e9n se promueve que apoyen la conformaci\u00f3n, en el \u00e1mbito local y nacional, de asociaciones juveniles para que los j\u00f3venes puedan participar en una pol\u00edtica relacionada con la juventud.<\/FONT><\/P><br \/>\n<P><FONT color=#333333>23 de agosto<BR><STRONG>D\u00cdA INTERNACIONAL PARA EL RECUERDO DEL COMERCIO DE ESCLAVOS Y SU ABOLICI\u00d3N<\/STRONG> <BR><\/FONT><FONT color=#333333>La noche del 22 al 23 de agosto de 1791, esclavos de Bois C\u00e4iman, localidad del norte de la entonces colonia francesa de Santo Domingo, se amotinaban en protesta por su situaci\u00f3n en un alzamiento que jug\u00f3 un important\u00edsimo papel en la abolici\u00f3n de la esclavitud.<\/FONT><\/P><br \/>\n<P><FONT color=#333333>Por ello, con este d\u00eda se pretende mantener en el recuerdo de todos nosotros la enorme tragedia que mantuvo a miles de personas bajo la explotaci\u00f3n de otros seres humanos por el simple argumento de que su color de piel les hac\u00eda inferiores a los de piel blanca.<\/FONT><\/P><br \/>\n<P><FONT color=#333333>31 de agosto<BR><STRONG>DIA INTERNACIONAL DE LA SOLIDARIDAD<\/STRONG> <BR><\/FONT><FONT color=#333333>Desde diferentes \u00e1mbitos se apela a la solidaridad como uno de los valores fundamentales para las relaciones internacionales en el siglo XXI. Las Naciones Unidas han acordado que los problemas mundiales deben abordarse de manera que los costos y las cargas se distribuyan con justicia, conforme a los principios fundamentales de la equidad y la justicia social, y que los que sufren, o los que menos se benefician, merecen la ayuda de los m\u00e1s beneficiados.<\/FONT><\/P><br \/>\n<P><FONT color=#333333>&#8220;Si sientes el dolor de los dem\u00e1s como tu dolor, si la injusticia en el cuerpo del oprimido fuere la injusticia que hiere tu propia piel, si la l\u00e1grima que cae del rostro desesperado fuere la l\u00e1grima que tambi\u00e9n t\u00fa derramas, si el sue\u00f1o de los desheredados de esta sociedad cruel y sin piedad fuere tu sue\u00f1o de una tierra prometida, entonces ser\u00e1s un revolucionario, habr\u00e1s vivido la solidaridad esencial&#8221;. Ernesto Che Guevara<\/FONT><\/P><br \/>\n<P><FONT color=#333333>\u00b7\u00b7\u00b7\u00b7\u00b7\u00b7\u00b7\u00b7\u00b7\u00b7\u00b7\u00b7\u00b7\u00b7\u00b7\u00b7\u00b7\u00b7\u00b7\u00b7\u00b7\u00b7\u00b7\u00b7\u00b7\u00b7\u00b7\u00b7\u00b7\u00b7\u00b7\u00b7\u00b7\u00b7\u00b7\u00b7\u00b7\u00b7\u00b7\u00b7\u00b7\u00b7\u00b7\u00b7\u00b7\u00b7\u00b7\u00b7\u00b7\u00b7\u00b7\u00b7\u00b7\u00b7\u00b7\u00b7\u00b7\u00b7\u00b7\u00b7\u00b7\u00b7\u00b7\u00b7SEPTIEMBRE\u00b7\u00b7\u00b7\u00b7\u00b7\u00b7\u00b7\u00b7\u00b7\u00b7\u00b7\u00b7\u00b7\u00b7\u00b7\u00b7\u00b7\u00b7\u00b7\u00b7\u00b7\u00b7\u00b7\u00b7\u00b7\u00b7\u00b7\u00b7\u00b7\u00b7\u00b7\u00b7\u00b7\u00b7\u00b7\u00b7\u00b7\u00b7\u00b7\u00b7\u00b7\u00b7\u00b7\u00b7\u00b7\u00b7\u00b7\u00b7\u00b7\u00b7\u00b7\u00b7\u00b7\u00b7\u00b7\u00b7\u00b7\u00b7\u00b7\u00b7\u00b7\u00b7\u00b7\u00b7<BR><BR><\/FONT><FONT color=#333333>8 de septiembre<BR><STRONG>D\u00cdA INTERNACIONAL DE LA ALFABETIZACI\u00d3N<\/STRONG> <BR><\/FONT><FONT color=#333333>La alfabetizaci\u00f3n y la educaci\u00f3n son cimientos sobre los que se puede construir un mundo mejor. Las personas que saben leer y escribir est\u00e1n m\u00e1s capacitadas para elegir y llevar una vida m\u00e1s plena. Son personas m\u00e1s libres, trabajadores m\u00e1s productivos e individuos menos expuestos a la miseria y con mayor facilidad para adaptarse a nuevas circunstancias. El desarrollo econ\u00f3mico, el progreso social y la libertad de los seres humanos dependen del establecimiento de un nivel b\u00e1sico de alfabetizaci\u00f3n en todos los pa\u00edses del mundo.<\/FONT><\/P><br \/>\n<P><FONT color=#333333>16 de septiembre<BR><STRONG>D\u00cdA INTERNACIONAL DE LA PRESERVACI\u00d3N DE LA CAPA DE OZONO<\/STRONG> <BR><\/FONT><FONT color=#333333>La conservaci\u00f3n de la capa de ozono se ha convertido en una de las prioridades ambientales a escala mundial. En 1985 se descubri\u00f3 desde el espacio el &#8216;agujero de ozono&#8217;, una enorme zona de la atm\u00f3sfera situada sobre la Ant\u00e1rtida en la que la capa de ozono apenas exist\u00eda, y que amenazaba con extenderse. Su aparici\u00f3n se debe en gran medida al uso masivo de gases artificiales.<\/FONT><\/P><br \/>\n<P><FONT color=#333333>El ozono es un gas que protege a la Tierra de las peligrosas radiaciones ultravioletas del sol. Su presencia en las capas altas de la atm\u00f3sfera constituye un poderoso filtro que defiende la vida del planeta de estas agresivas radiaciones que son, por ejemplo, las que nos queman cuando tomamos demasiado el sol.<\/FONT><\/P><br \/>\n<P><FONT color=#333333>21 de septiembre<BR><STRONG>D\u00cdA INTERNACIONAL DE LA PAZ <BR><\/STRONG><\/FONT><FONT color=#333333>Si hacemos de la violencia y la venganza el valor principal de nuestra convivencia no podemos pedir que las personas reaccionen con comportamientos pac\u00edficos ante cualquier conflicto o situaci\u00f3n. Sin embargo, si nos convencemos de una vez por todas de que s\u00f3lo a trav\u00e9s del valor de la Paz puede conseguirse un mundo mejor, empezaremos a cambiar nuestras actitudes y comportamientos, desde lo cotidiano hasta lo m\u00e1s excepcional de nuestras vidas. Si no, seguiremos asistiendo al imperio de la violencia en todas sus caras, la mayor\u00eda de las veces disfrazada de &#8220;justicia&#8221;.<BR><\/FONT><BR><FONT color=#333333>29 de septiembre<BR><STRONG>D\u00cdA MAR\u00cdTIMO MUNDIAL<\/STRONG> <BR><\/FONT><FONT color=#333333>El transporte mar\u00edtimo es una de las actividades indispensables en la vida econ\u00f3mica del mundo y a su vez la que m\u00e1s est\u00e1 da\u00f1ando al mar. Cada a\u00f1o se vierten en los oc\u00e9anos miles de toneladas de petr\u00f3leo y otros desechos radioactivos. Estos y otros problemas, como el calentamiento global que podr\u00eda ocasionar la elevaci\u00f3n del nivel del mar en las costas, adquieren particular importancia si se considera que dos terceras partes de la poblaci\u00f3n mundial viven en zonas costeras.<\/FONT><\/P><br \/>\n<P><FONT color=#333333>D\u00eda Mar\u00edtimo Mundial una oportunidad para mirar al futuro y establecer cu\u00e1les son las mejores posibilidades de seguir trabajando a favor de la seguridad en la navegaci\u00f3n, as\u00ed como la protecci\u00f3n y la prevenci\u00f3n de la contaminaci\u00f3n.<\/FONT><\/P><br \/>\n<P><FONT color=#333333>\u00b7\u00b7\u00b7\u00b7\u00b7\u00b7\u00b7\u00b7\u00b7\u00b7\u00b7\u00b7\u00b7\u00b7\u00b7\u00b7\u00b7\u00b7\u00b7\u00b7\u00b7\u00b7\u00b7\u00b7\u00b7\u00b7\u00b7\u00b7\u00b7\u00b7\u00b7\u00b7\u00b7\u00b7\u00b7\u00b7\u00b7\u00b7\u00b7\u00b7\u00b7\u00b7\u00b7\u00b7\u00b7\u00b7\u00b7\u00b7\u00b7\u00b7\u00b7\u00b7\u00b7\u00b7\u00b7\u00b7\u00b7\u00b7\u00b7\u00b7\u00b7\u00b7\u00b7\u00b7OCTUBRE\u00b7\u00b7\u00b7\u00b7\u00b7\u00b7\u00b7\u00b7\u00b7\u00b7\u00b7\u00b7\u00b7\u00b7\u00b7\u00b7\u00b7\u00b7\u00b7\u00b7\u00b7\u00b7\u00b7\u00b7\u00b7\u00b7\u00b7\u00b7\u00b7\u00b7\u00b7\u00b7\u00b7\u00b7\u00b7\u00b7\u00b7\u00b7\u00b7\u00b7\u00b7\u00b7\u00b7\u00b7\u00b7\u00b7\u00b7\u00b7\u00b7\u00b7\u00b7\u00b7\u00b7\u00b7\u00b7\u00b7\u00b7\u00b7\u00b7\u00b7\u00b7\u00b7\u00b7\u00b7<BR><BR><\/FONT><FONT color=#333333>1 de octubre<BR><STRONG>D\u00cdA INTERNACIONAL DE LAS PERSONAS DE EDAD<\/STRONG> <BR><\/FONT><FONT color=#333333>Se consideran &#8216;personas de edad\u2019 a las personas de m\u00e1s de 65 a\u00f1os. Hist\u00f3ricamente, hasta el siglo XIX, llegar a esa edad era un privilegio con el que pocos contaban, ya que la esperanza de vida, incluso en Europa, no superaba los 40 \u00f3 50 a\u00f1os. Actualmente la poblaci\u00f3n mundial de m\u00e1s de 65 a\u00f1os crece r\u00e1pidamente, m\u00e1s incluso que el crecimiento general de la poblaci\u00f3n. Todo este crecimiento se debe a la mejora general de la calidad de vida.<\/FONT><\/P><br \/>\n<P><FONT color=#333333>3 de octubre<BR><STRONG>D\u00cdA MUNDIAL DEL H\u00c1BITAT<\/STRONG> <BR><\/FONT><FONT color=#000000>El h\u00e1bitat es el lugar donde un organismo vive y halla lo que necesita para sobrevivir: refugio, aire, agua, alimento y espacio. Los seres humanos, como organismos vivos, para poder vivir en nuestro medio, necesitamos tener todos estos elementos.<\/FONT><\/P><br \/>\n<P><FONT color=#333333>El Centro de Naciones Unidas para los Asentamientos Humanos, trabaja principalmente por el logro del derecho de todo ser humano para contar con un lugar en el cual vivir en paz y dignidad, tanto en los pa\u00edses en desarrollo como en los pa\u00edses desarrollados. De igual forma busca mejorar las condiciones de vida y de trabajo de los m\u00e1s necesitados en los asentamientos de bajos ingresos.<\/FONT><\/P><br \/>\n<P><FONT color=#333333>4 de octubre<BR><STRONG>SEMANA MUNDIAL DEL ESPACIO<\/STRONG> <BR><\/FONT><FONT color=#333333>El prop\u00f3sito de instaurar la Semana Mundial del Espacio es para celebrar anualmente, en todo el mundo, la contribuci\u00f3n que la ciencia del espacio y la tecnolog\u00eda pueden hacer para mejorar la condici\u00f3n humana.<\/FONT><\/P><br \/>\n<P><FONT color=#333333>Comienza el 4 de octubre porque en esa fecha, en 1957, la Uni\u00f3n Sovi\u00e9tica puso en \u00f3rbita el sat\u00e9lite Sputnik-1. Era una esfera de aluminio de 58 cent\u00edmetros de di\u00e1metro y pesaba 83 kilos. Tardaba 96,2 minutos en dar la vuelta a la tierra. Contaba con instrumentos que durante 21 d\u00edas enviaron informaci\u00f3n a la Tierra sobre radiaci\u00f3n c\u00f3smica, meteoritos y sobre la densidad y temperatura de las capas superiores de la atm\u00f3sfera. <\/FONT><\/P><br \/>\n<P><FONT color=#333333>5 de octubre<BR><STRONG>D\u00cdA MUNDIAL DE LOS PROFESORES<\/STRONG> <BR>A trav\u00e9s de su trabajo los docentes forman a ciudadanos y ciudadanas responsables que dise\u00f1ar\u00e1n y guiar\u00e1n nuestra sociedad en el futuro. Para ello, no basta con asegurar un acceso universal a la educaci\u00f3n, sino que adem\u00e1s, la educaci\u00f3n debe ser de calidad. Es necesaria una educaci\u00f3n liberadora que parta de la experiencia de los alumnos y alumnas y valore sus capacidades. As\u00ed, podremos construir conocimientos convirti\u00e9ndonos en personas con conciencia cr\u00edtica, capaces de observar y analizar la realidad para despu\u00e9s actuar sobre ella de forma transformadora.<\/FONT><\/P><br \/>\n<P><FONT color=#333333>9 de octubre<BR><STRONG>D\u00cdA MUNDIAL DEL CORREO<\/STRONG> <BR>El correo desde su aparici\u00f3n ha sido usado como v\u00eda de comunicaci\u00f3n entre las personas y los pueblos, ha servido para llevar noticias de un lugar a otro y para la difusi\u00f3n de ideas y el conocimiento de otras culturas. A lo largo de la historia, el correo ha desempe\u00f1ado un papel importante y su influencia ha sido decisiva en el desarrollo de muchos acontecimientos.<\/FONT><\/P><br \/>\n<P><FONT color=#333333>10 de octubre<BR><STRONG>D\u00cdA MUNDIAL DE LA SALUD MENTAL<\/STRONG> <BR>Cuando hablamos de trastornos mentales, hacemos referencia al pensamiento humano y todas sus funciones que pueden verse afectadas en cualquier momento de nuestras vidas y a los que&nbsp; nadie es inmune.<BR><BR>La Organizaci\u00f3n Mundial de la Salud, trabaja para lograr una mejora de la calidad de vida de las personas que tienen una enfermedad mental, as\u00ed como de sus familiares y de todas las personas de su entorno. De igual manera, su objetivo es que la atenci\u00f3n m\u00e9dica llegue cada d\u00eda a m\u00e1s personas y que seamos concientes que aquellos que padecen enfermedades mentales necesitan menos exclusi\u00f3n, menos discriminaci\u00f3n y m\u00e1s ayuda para poder desarrollarse y vivir mejor.<\/FONT><\/P><br \/>\n<P><FONT color=#333333>12 de octubre<BR><STRONG>D\u00cdA INTERNACIONAL PARA LA REDUCCI\u00d3N DE LOS DESASTRES NATURALES<\/STRONG> <BR>Cada d\u00eda que pasa la vulnerabilidad de los grupos humanos aumenta considerablemente. Asistimos cada vez con mayor frecuencia a noticias que nos cuentan c\u00f3mo un pueblo ha sido arrasado por una avalancha de aguas torrenciales, o c\u00f3mo una zona se ve sumida en un desastre provocado por un movimiento s\u00edsmico. A su vez, los costes econ\u00f3micos que implica paliar los da\u00f1os causados por los desastres naturales aumentan proporcionalmente.<BR><BR>Por la informaci\u00f3n de que se dispone actualmente la gran mayor\u00eda de los desastres as\u00ed llamados \u201cnaturales\u201d son producto de los da\u00f1os que estamos causando a la atm\u00f3sfera, a los oc\u00e9anos, a las capas de hielo polar, a los bosques, etc. Las consecuencias que conlleva el maltrato sistem\u00e1tico de la naturaleza hacen que aumente, parad\u00f3jicamente, nuestra vulnerabilidad.<\/FONT><\/P><br \/>\n<P><FONT color=#333333>16 de octubre<BR><STRONG>D\u00cdA MUNDIAL DE LA ALIMENTACI\u00d3N<\/STRONG><BR>Con la celebraci\u00f3n de este d\u00eda se busca concienciar a la gente respecto a la situaci\u00f3n en la que viven otras personas de los pa\u00edses m\u00e1s pobres, especialmente en lo que se refiere a los problemas que tienen por falta de alimentos. Se pretende despertar la conciencia de los que tienen m\u00e1s para as\u00ed luchar contra el hambre, la malnutrici\u00f3n y la pobreza en la que viven muchas personas.<\/FONT><\/P><br \/>\n<P><FONT color=#333333>24 de octubre<BR><STRONG>D\u00cdA DE LAS NACIONES UNIDAS<\/STRONG> <BR>En el verano de 1945 la Segunda Guerra Mundial daba sus \u00faltimos coletazos. Mientras, los representantes de 51 naciones redactaban la Carta de las Naciones Unidas. Su principal objetivo era &#8216;preservar a las generaciones futuras del azote de la guerra&#8217;, mejorando el funcionamiento de la desaparecida Sociedad de las Naciones (un organizaci\u00f3n anterior surgida a partir de la Primera Guerra Mundial) que hab\u00eda mostrado su ineficacia para mantener la paz.<\/FONT><\/P><br \/>\n<P><FONT color=#333333>En 1950 se instala la sede definitiva de la ONU en Nueva York y el n\u00famero de pa\u00edses miembros crece r\u00e1pidamente hasta alcanzar a la pr\u00e1ctica totalidad del mundo. Pronto comienzan a sentirse las profundas diferencias entre las potencias dominantes y los pa\u00edses m\u00e1s pobres. Pero, a pesar de sus \u00e9xitos y fracasos, la ONU es hoy un foro de indiscutible prestigio internacional en el que se debaten los grandes problemas que afectan a la paz mundial.<\/FONT><\/P><br \/>\n<P><FONT color=#333333>\u00b7\u00b7\u00b7\u00b7\u00b7\u00b7\u00b7\u00b7\u00b7\u00b7\u00b7\u00b7\u00b7\u00b7\u00b7\u00b7\u00b7\u00b7\u00b7\u00b7\u00b7\u00b7\u00b7\u00b7\u00b7\u00b7\u00b7\u00b7\u00b7\u00b7\u00b7\u00b7\u00b7\u00b7\u00b7\u00b7\u00b7\u00b7\u00b7\u00b7\u00b7\u00b7\u00b7\u00b7\u00b7\u00b7\u00b7\u00b7\u00b7\u00b7\u00b7\u00b7\u00b7\u00b7\u00b7\u00b7\u00b7\u00b7\u00b7\u00b7\u00b7\u00b7\u00b7\u00b7NOVIEMBRE\u00b7\u00b7\u00b7\u00b7\u00b7\u00b7\u00b7\u00b7\u00b7\u00b7\u00b7\u00b7\u00b7\u00b7\u00b7\u00b7\u00b7\u00b7\u00b7\u00b7\u00b7\u00b7\u00b7\u00b7\u00b7\u00b7\u00b7\u00b7\u00b7\u00b7\u00b7\u00b7\u00b7\u00b7\u00b7\u00b7\u00b7\u00b7\u00b7\u00b7\u00b7\u00b7\u00b7\u00b7\u00b7\u00b7\u00b7\u00b7\u00b7\u00b7\u00b7\u00b7\u00b7\u00b7\u00b7\u00b7\u00b7\u00b7\u00b7\u00b7\u00b7\u00b7\u00b7\u00b7<BR><BR>6 de noviembre<BR><STRONG>D\u00cdA INTERNACIONAL PARA LA PREVENCI\u00d3N DE LA EXPLOTACI\u00d3N DEL MEDIO AMBIENTE EN LA GUERRA Y LOS CONFLICTOS ARMADOS<\/STRONG> <BR>Entre todos los desastres que ocasionan las guerras es muy importante el da\u00f1o medioambiental que provocan. Un da\u00f1o a los seres humanos y la naturaleza que puede perdurar hasta mucho despu\u00e9s de que se haya restablecido la paz.<BR><BR>La preocupaci\u00f3n por estos da\u00f1os en el medio ambiente comenz\u00f3 durante la guerra de Vietnam, que enfrent\u00f3 a Vietnam del Norte con Vietnam del Sur entre 1959 y 1975. La intervenci\u00f3n de EE. UU. en este conflicto, que utiliz\u00f3 potentes herbicidas para destruir la selva en la que se escond\u00eda el otro bando, provoc\u00f3 la destrucci\u00f3n del 20% de la selva de Vietnam del Sur. Desde entonces miles de ni\u00f1os y ni\u00f1as han nacido en las zonas atacadas con terribles deformaciones a causa del producto qu\u00edmico empleado, llamado &#8220;agente naranja&#8221;.<BR><BR>16 de noviembre<BR><STRONG>D\u00cdA INTERNACIONAL PARA LA TOLERANCIA <BR><\/STRONG>La &#8216;tolerancia activa&#8217; supone un esfuerzo por comprender a los otros, evitar los resentimientos, exige un cambio en la manera de pensar y en los sentimientos, pero es la \u00fanica manera de conseguir una armon\u00eda verdadera que cure antiguas heridas y reduzca las reticencias entre las personas.<BR><BR>En el D\u00eda Internacional de la Tolerancia, compromet\u00e1monos con una tolerancia activa que permita a los seres humanos aceptarse, respetarse y vivir en paz los unos con los otros. Luchar contra la intolerancia cuesta trabajo, pero es la \u00fanica manera de evitar que, alg\u00fan d\u00eda, podamos acabar como el personaje del poema de Bertold Bretch:<BR><BR><EM>Primero se llevaron a los comunistas <BR>pero a mi no me import\u00f3 <BR>porque yo no lo era. <BR>Enseguida se llevaron a unos obreros <BR>pero a mi no me import\u00f3 <BR>porque yo tampoco lo era. <BR>Despu\u00e9s detuvieron a los sindicalistas <BR>pero a mi no me import\u00f3 <BR>porque yo no soy sindicalista. <BR>Luego apresaron a unos curas <BR>pero como yo no soy religioso <BR>tampoco me import\u00f3. <BR>Ahora me llevan a m\u00ed <BR>pero ya es tarde.<\/EM> <\/FONT><\/P><br \/>\n<P><FONT color=#333333>20 de noviembre<BR><STRONG>D\u00cdA UNIVERSAL DE LOS NI\u00d1OS Y LAS NI\u00d1AS<\/STRONG><BR>El 20 de noviembre se conmemora la fecha en que la Asamblea General aprob\u00f3 la Convenci\u00f3n sobre los Derechos del Ni\u00f1o en 1989. Todos los pa\u00edses del mundo (salvo Estados Unidos y Somalia) la han ratificado, convirti\u00e9ndose as\u00ed en el instrumento de Derechos Humanos m\u00e1s ampliamente refrendado en la historia de la humanidad.<BR><BR>A pesar de este hecho, sabemos que desgraciadamente se siguen violando diariamente los derechos de millones de ni\u00f1os y ni\u00f1as en todos los pa\u00edses del mundo y, por lo tanto, todas las instituciones p\u00fablicas y privadas, por un lado, y la sociedad civil, por otro, deben responder a este reto y seguir luchado para que la Convenci\u00f3n se convierta en una realidad en beneficio de los ni\u00f1os y ni\u00f1as del mundo.<BR><BR><\/FONT><FONT color=#333333>21 de noviembre<BR><STRONG>D\u00cdA MUNDIAL DE LA TELEVISI\u00d3N<\/STRONG> <BR>La finalidad de este d\u00eda mundial es, como indica Naciones Unidas, impulsar una televisi\u00f3n que, adem\u00e1s de entretener, promueva una cultura de paz, seguridad y desarrollo. Quiz\u00e1s la situaci\u00f3n actual de las televisiones de todo el mundo, en especial en los pa\u00edses del Norte, no se acerque mucho a estas aspiraciones de la ONU. No es justo ignorar emisoras y programas que realizan labores sociales de gran valor cultural y educativo, especialmente en muchos pa\u00edses en desarrollo, pero la presi\u00f3n de beneficios econ\u00f3micos inmediatos, la falta de criterio cultural y social e, incluso, el desprecio por la audiencia nos acerca cada vez m\u00e1s a lo que se ha llamado la telebasura.<BR><BR>Reclamar un entretenimiento inteligente y una programaci\u00f3n de calidad es nuestra labor. Si nos conformamos con lo que nos den, por malo que sea, la telebasura seguir\u00e1 ganando terreno en las emisoras.<\/FONT><\/P><br \/>\n<P><FONT color=#333333>25 de noviembre<BR><STRONG>D\u00cdA INTERNACIONAL PARA LA ELIMINACI\u00d3N DE LA VIOLENCIA CONTRA LA MUJER<\/STRONG> <BR>La violencia contra la mujer se define como &#8216;todo acto de violencia basado en el g\u00e9nero que tiene como resultado posible o real un da\u00f1o f\u00edsico, sexual o psicol\u00f3gico, incluidas las amenazas, la coerci\u00f3n o la prohibici\u00f3n arbitraria de la libertad, ya sea que ocurra en la vida p\u00fablica o en la vida privada&#8217;.<BR><BR>Dependiendo de cada pa\u00eds, de un 25% a un 75% de las mujeres son maltratadas f\u00edsicamente en su hogar. El objetivo de establecer una fecha para esta causa ha sido que los gobiernos y la comunidad internacional lleven a cabo acciones concretas para acabar con la violencia contra la mujer.<BR><BR>29 de noviembre<BR><STRONG>D\u00cdA INTERNACIONAL DE LA SOLIDARIDAD CON EL PUEBLO PALESTINO <BR><\/STRONG>Uno de los conflictos que ha marcado la historia de Oriente Medio ha sido la lucha entre israel\u00edes y palestinos desde la creaci\u00f3n del estado de Israel en 1948, cuando la ONU acord\u00f3 que Palestina se dividiera en dos Estados: uno jud\u00edo y otro \u00e1rabe. De los dos Estados previstos en dicha resoluci\u00f3n solamente se ha creado uno: Israel.<\/FONT><\/P><br \/>\n<P><FONT color=#333333>A pesar de muchos intentos de paz donde han intervenido algunos pa\u00edses, los conflictos parecen no tener fin y la paz entre Israel y Palestina no encuentra el camino claro hacia un futuro diferente de cooperaci\u00f3n y pac\u00edfica convivencia<\/FONT><\/P><br \/>\n<P><FONT color=#333333>\u00b7\u00b7\u00b7\u00b7\u00b7\u00b7\u00b7\u00b7\u00b7\u00b7\u00b7\u00b7\u00b7\u00b7\u00b7\u00b7\u00b7\u00b7\u00b7\u00b7\u00b7\u00b7\u00b7\u00b7\u00b7\u00b7\u00b7\u00b7\u00b7\u00b7\u00b7\u00b7\u00b7\u00b7\u00b7\u00b7\u00b7\u00b7\u00b7\u00b7\u00b7\u00b7\u00b7\u00b7\u00b7\u00b7\u00b7\u00b7\u00b7\u00b7\u00b7\u00b7\u00b7\u00b7\u00b7\u00b7\u00b7\u00b7\u00b7\u00b7\u00b7\u00b7\u00b7\u00b7DICIEMBRE\u00b7\u00b7\u00b7\u00b7\u00b7\u00b7\u00b7\u00b7\u00b7\u00b7\u00b7\u00b7\u00b7\u00b7\u00b7\u00b7\u00b7\u00b7\u00b7\u00b7\u00b7\u00b7\u00b7\u00b7\u00b7\u00b7\u00b7\u00b7\u00b7\u00b7\u00b7\u00b7\u00b7\u00b7\u00b7\u00b7\u00b7\u00b7\u00b7\u00b7\u00b7\u00b7\u00b7\u00b7\u00b7\u00b7\u00b7\u00b7\u00b7\u00b7\u00b7\u00b7\u00b7\u00b7\u00b7\u00b7\u00b7\u00b7\u00b7\u00b7\u00b7\u00b7\u00b7\u00b7<BR><BR>1 de diciembre<BR><STRONG>D\u00cdA MUNDIAL DE LA LUCHA CONTRA EL SIDA<\/STRONG> <BR>El SIDA (S\u00edndrome de Inmunodeficiencia Adquirida) es una enfermedad que afecta a los humanos infectados por VIH (Virus de Inmunodeficiencia Humana) y que hizo su aparici\u00f3n en el escenario mundial a principios de los a\u00f1os ochenta. En el 2006 el n\u00famero de personas que viv\u00edan con el VIH era un total de 39,5 millones y el n\u00famero de nuevas infecciones ascendi\u00f3 a 4,3 millones. El 70 % de ellas vive en el \u00c1frica subsahariana y la mayor parte son ni\u00f1os, ni\u00f1as y mujeres.<\/FONT><\/P><br \/>\n<P><FONT color=#333333>A pesar del dif\u00edcil camino que representa esta enfermedad, en estos momentos se ve una luz de esperanza, gracias a los nuevos tratamientos destinados a controlar el virus.<BR>En 2005 UNICEF, ONUSIDA y otros aliados lanzaron una Campa\u00f1a Global, \u201cUnidos por la infancia, unidos contra el SIDA\u201d, para impulsar la acci\u00f3n en favor de los millones de ni\u00f1os y ni\u00f1as afectados e infectados por el VIH\/SIDA. <BR>Para m\u00e1s informaci\u00f3n, consulte el sitio web:<BR><A href=\"http:\/\/www.unicef.es\/unidoscontraelsida\/\">www.unicef.es\/unidoscontraelsida\/<\/A> <\/FONT><\/P><br \/>\n<P><FONT color=#333333>2 de Diciembre<BR><STRONG>D\u00cdA INTERNACIONAL PARA LA ABOLICI\u00d3N DE LA ESCLAVITUD <BR><\/STRONG>Debemos celebrar este d\u00eda como uno de los m\u00e1s importantes por el significado simb\u00f3lico que tiene. La esclavitud ha servido de argumento durante muchos siglos para que una parte de la humanidad explote y trate como mercanc\u00eda a la otra. Este trato denigrante hacia una parte del g\u00e9nero humano lo vemos tambi\u00e9n reflejado en todas las dem\u00e1s formas de discriminaci\u00f3n que se producen por causa de sexo, de idioma, de&nbsp; religi\u00f3n, etc.<BR>Desterrar completamente cualquier atisbo de abuso de un ser humano hacia otro es la labor principal en la que debemos embarcarnos todas las personas que creemos que s\u00f3lo existe una raza: la familia humana.<BR><BR>3 de diciembre<BR><STRONG>D\u00cdA INTERNACIONAL DE LAS PERSONAS CON DISCAPACIDAD<\/STRONG> <BR>Actualmente hay m\u00e1s de 500 millones de personas en el mundo que padecen alguna discapacidad de tipo f\u00edsica, mental o sensorial, es decir, aproximadamente el 10% de la poblaci\u00f3n mundial, y se calcula que 8 de cada 10 viven en el mundo en desarrollo.<BR><BR>En lo que se refiere a los derechos de las personas con discapacidad, \u00e9stos no est\u00e1n recogidos en un documento oficial, sino que est\u00e1n dispersos en una serie de dict\u00e1menes judiciales, recomendaciones de la Organizaci\u00f3n Internacional del Trabajo y otros instrumentos jur\u00eddicos. Por tal motivo, las personas con discapacidades se encuentran en muchas situaciones de desventaja, en comparaci\u00f3n con otros grupos vulnerables. Este d\u00eda debe servir para reflexionar y fomentar la integraci\u00f3n y la igualdad de oportunidades.<\/FONT><\/P><br \/>\n<P><FONT color=#333333>5 de diciembre<BR><STRONG>D\u00cdA INTERNACIONAL DE LOS VOLUNTARIOS PARA EL DESARROLLO ECON\u00d3MICO Y SOCIAL<\/STRONG> <BR>Cada d\u00eda en muchos rincones del planeta, millones de mujeres, hombres y j\u00f3venes ofrecen a diario, de manera desinteresada, su trabajo, su tiempo y su capacidad para beneficiar a los dem\u00e1s.<BR>Las caracter\u00edsticas m\u00e1s importantes del voluntariado son: la gratuidad, la continuidad, la responsabilidad personal, el conocimiento, respeto y valoraci\u00f3n de las diferentes personas o pueblos que pueda encontrarse en la realizaci\u00f3n de su tarea.<BR><BR>7 de diciembre<BR><STRONG>D\u00cdA INTERNACIONAL DE LA AVIACI\u00d3N CIVIL<\/STRONG> <BR>El papel de la Organizaci\u00f3n de Aviaci\u00f3n Civil Internacional es fundamental porque hace que el transporte a\u00e9reo sea m\u00e1s seguro y busca la manera f\u00e1cil de viajar por avi\u00f3n de un pa\u00eds al otro.<BR>Desde sus inicios, la aviaci\u00f3n civil internacional ha registrado un impresionante crecimiento, no s\u00f3lo en el tr\u00e1fico de pasajeros, sino en el de carga tambi\u00e9n. Desafortunadamente, la aviaci\u00f3n no s\u00f3lo ha servido de estas maneras, sino en muchos conflictos b\u00e9licos y como blanco de algunos terroristas. Sin embargo, d\u00eda a d\u00eda la OACI trabaja para establecer mejores procedimientos de seguridad y para hacer m\u00e1s eficiente las comunicaciones y los viajes internacionales.<\/FONT><\/P><br \/>\n<P><FONT color=#333333>9 de diciembre<BR><STRONG>D\u00cdA INTERNACIONAL DE LA RADIO Y LA TELEVISI\u00d3N A FAVOR DE LA INFANCIA<\/STRONG><BR>La Convenci\u00f3n sobre los Derechos del Ni\u00f1o &#8211; ratificada por casi todos los pa\u00edses del mundo &#8211; incluye entre otros, los siguientes derechos fundamentales: el derecho de todos los ni\u00f1os y ni\u00f1as a la libertad de expresi\u00f3n, el derecho a ofrecer y recibir informaci\u00f3n, y el derecho a expresar sus opiniones en los medios de difusi\u00f3n escogidos por ellos mismos.<BR><BR>A los medios de comunicaci\u00f3n les corresponde un papel de suma importancia, ya que pueden ayudar a que la sociedad preste atenci\u00f3n a la visi\u00f3n que los ni\u00f1os y ni\u00f1as tienen del mundo. Las emisoras pueden ayudar a que los ni\u00f1os hagan un llamamiento a los dirigentes internacionales para que inviertan en aquellos aspectos que les preocupan y a que no lo hagan como un gesto de caridad, sino con el verdadero prop\u00f3sito de sentar las bases de una sociedad pujante y pr\u00f3spera.<\/FONT><\/P><br \/>\n<P><FONT color=#333333>10 de diciembre<BR><STRONG>D\u00cdA DE LOS DERECHOS HUMANOS<\/STRONG> <BR>En este d\u00eda se conmemora la aprobaci\u00f3n por la Asamblea General de la Declaraci\u00f3n Universal de los Derechos Humanos, en 1948. Motivados por los desastres tan tremendos ocurridos durante la Segunda Guerra Mundial, todos los pa\u00edses tomaron la firme decisi\u00f3n de crear un c\u00f3digo moral, \u00e9tico y sobre todo jur\u00eddico que amparara lo que desde la Revoluci\u00f3n Francesa se reconoc\u00eda como los derechos inalienables del hombre.<BR><BR><\/FONT><FONT color=#333333>18 de diciembre<BR><STRONG>D\u00cdA INTERNACIONAL DEL MIGRANTE <BR><\/STRONG>Los movimientos migratorios a gran escala han crecido mucho en los \u00faltimos a\u00f1os. Actualmente, alrededor de 150 millones de personas viven y trabajan fuera de sus pa\u00edses de origen. Espa\u00f1a, de donde no hace mucho tiempo sal\u00edan migrantes hacia Europa del Norte y Am\u00e9rica, se ha convertido, hoy en d\u00eda en un pa\u00eds receptor para un gran numero de personas migrantes.<BR><BR>La exclusi\u00f3n social y econ\u00f3mica, la atracci\u00f3n que ejercen los pa\u00edses m\u00e1s desarrollados, la necesidad que tienen esos pa\u00edses de contar con la migraci\u00f3n, los conflictos armados internos y los desastres naturales, todas ellas son causas que provocan migraci\u00f3n.<\/FONT><\/P><\/p>\n<!-- AddThis Advanced Settings generic via filter on the_content --><!-- AddThis Share Buttons generic via filter on the_content -->","protected":false},"excerpt":{"rendered":"<p><!-- AddThis Advanced Settings generic via filter on get_the_excerpt --><!-- AddThis Share Buttons generic via filter on get_the_excerpt --><\/p>\n","protected":false},"author":42,"featured_media":0,"comment_status":"open","ping_status":"closed","sticky":false,"template":"","format":"standard","meta":[],"categories":[2],"tags":[8],"_links":{"self":[{"href":"https:\/\/blogs.diariovasco.com\/unicef\/wp-json\/wp\/v2\/posts\/31"}],"collection":[{"href":"https:\/\/blogs.diariovasco.com\/unicef\/wp-json\/wp\/v2\/posts"}],"about":[{"href":"https:\/\/blogs.diariovasco.com\/unicef\/wp-json\/wp\/v2\/types\/post"}],"author":[{"embeddable":true,"href":"https:\/\/blogs.diariovasco.com\/unicef\/wp-json\/wp\/v2\/users\/42"}],"replies":[{"embeddable":true,"href":"https:\/\/blogs.diariovasco.com\/unicef\/wp-json\/wp\/v2\/comments?post=31"}],"version-history":[{"count":0,"href":"https:\/\/blogs.diariovasco.com\/unicef\/wp-json\/wp\/v2\/posts\/31\/revisions"}],"wp:attachment":[{"href":"https:\/\/blogs.diariovasco.com\/unicef\/wp-json\/wp\/v2\/media?parent=31"}],"wp:term":[{"taxonomy":"category","embeddable":true,"href":"https:\/\/blogs.diariovasco.com\/unicef\/wp-json\/wp\/v2\/categories?post=31"},{"taxonomy":"post_tag","embeddable":true,"href":"https:\/\/blogs.diariovasco.com\/unicef\/wp-json\/wp\/v2\/tags?post=31"}],"curies":[{"name":"wp","href":"https:\/\/api.w.org\/{rel}","templated":true}]}}