{"id":358,"date":"2015-03-23T17:01:36","date_gmt":"2015-03-23T16:01:36","guid":{"rendered":"http:\/\/blogs.diariovasco.com\/unicef\/?p=358"},"modified":"2015-03-23T17:01:36","modified_gmt":"2015-03-23T16:01:36","slug":"agua-un-derecho-que-todavia-muchos-ninos-y-ninas-no-tienen","status":"publish","type":"post","link":"https:\/\/blogs.diariovasco.com\/unicef\/2015\/03\/23\/agua-un-derecho-que-todavia-muchos-ninos-y-ninas-no-tienen\/","title":{"rendered":"Agua: un derecho que todav\u00eda muchos ni\u00f1os y ni\u00f1as no tienen"},"content":{"rendered":"<p>&#8211;\u00a0\u00a0\u00a0\u00a0\u00a0\u00a0\u00a0\u00a0 Cerca de\u00a0<strong>1.000 ni\u00f1os\u00a0y ni\u00f1as <\/strong>mueren\u00a0todos los d\u00edas a causa de enfermedades diarreicas asociadas con agua potable contaminada, saneamiento deficiente o malas pr\u00e1cticas de higiene.<\/p>\n<p>&#8211;\u00a0\u00a0\u00a0\u00a0\u00a0\u00a0\u00a0\u00a0 <strong>\u00a0748 millones de personas<\/strong>\u00a0en todo el mundo siguen teniendo\u00a0serios problemas\u00a0para\u00a0acceder al agua. En el caso de las\u00a0mujeres\u00a0y las\u00a0ni\u00f1as, recoger agua reduce el tiempo que pueden dedicar al cuidado de sus familias y a la educaci\u00f3n.<\/p>\n<p>&#8211;\u00a0\u00a0\u00a0\u00a0\u00a0\u00a0\u00a0\u00a0 UNICEF calcula que, solamente en\u00a0\u00c1frica, la gente camina <strong>40.000 millones de horas<\/strong>\u00a0todos los a\u00f1os para\u00a0abastecerse de agua.<\/p>\n<p>&#8211;\u00a0\u00a0\u00a0\u00a0\u00a0\u00a0\u00a0\u00a0 Alrededor de\u00a0<strong>2,3 millones de personas<\/strong>\u00a0han accedido a fuentes de\u00a0agua potable\u00a0mejoradas desde 1990. Como resultado, la meta del Objetivo de Desarrollo del Milenio (ODM) de reducir a la mitad el porcentaje de la poblaci\u00f3n mundial sin acceso a agua potable\u00a0se alcanz\u00f3 5 a\u00f1os antes de vencer el plazo, fijado para 2015.<\/p>\n<p>&#8211;\u00a0\u00a0\u00a0\u00a0\u00a0\u00a0\u00a0\u00a0 El acceso a\u00a0agua potable en \u00c1frica\u00a0subsahariana, la regi\u00f3n con la cobertura m\u00e1s baja en 1990, se ha incrementado a raz\u00f3n de <strong>50.000 personas diarias<\/strong> desde el a\u00f1o 2000.<\/p>\n\n\t\t<style type=\"text\/css\">\n\t\t\t#gallery-1 {\n\t\t\t\tmargin: auto;\n\t\t\t}\n\t\t\t#gallery-1 .gallery-item {\n\t\t\t\tfloat: left;\n\t\t\t\tmargin-top: 10px;\n\t\t\t\ttext-align: center;\n\t\t\t\twidth: 25%;\n\t\t\t}\n\t\t\t#gallery-1 img {\n\t\t\t\tborder: 2px solid #cfcfcf;\n\t\t\t}\n\t\t\t#gallery-1 .gallery-caption {\n\t\t\t\tmargin-left: 0;\n\t\t\t}\n\t\t\t\/* see gallery_shortcode() in wp-includes\/media.php *\/\n\t\t<\/style>\n\t\t<div id='gallery-1' class='gallery galleryid-358 gallery-columns-4 gallery-size-thumbnail'><dl class='gallery-item'>\n\t\t\t<dt class='gallery-icon landscape'>\n\t\t\t\t<a href=\"https:\/\/blogs.diariovasco.com\/unicef\/2015\/03\/23\/agua-un-derecho-que-todavia-muchos-ninos-y-ninas-no-tienen\/agua-4\/\"><img width=\"150\" height=\"150\" src=\"https:\/\/static-blogs.diariovasco.com\/wp-content\/uploads\/sites\/24\/2015\/03\/agua-4-150x150.jpg\" class=\"attachment-thumbnail size-thumbnail\" alt=\"\" loading=\"lazy\" \/><\/a>\n\t\t\t<\/dt><\/dl><dl class='gallery-item'>\n\t\t\t<dt class='gallery-icon landscape'>\n\t\t\t\t<a href=\"https:\/\/blogs.diariovasco.com\/unicef\/2015\/03\/23\/agua-un-derecho-que-todavia-muchos-ninos-y-ninas-no-tienen\/agua-1\/\"><img width=\"150\" height=\"150\" src=\"https:\/\/static-blogs.diariovasco.com\/wp-content\/uploads\/sites\/24\/2015\/03\/agua-1-150x150.jpg\" class=\"attachment-thumbnail size-thumbnail\" alt=\"\" loading=\"lazy\" \/><\/a>\n\t\t\t<\/dt><\/dl><dl class='gallery-item'>\n\t\t\t<dt class='gallery-icon landscape'>\n\t\t\t\t<a href=\"https:\/\/blogs.diariovasco.com\/unicef\/2015\/03\/23\/agua-un-derecho-que-todavia-muchos-ninos-y-ninas-no-tienen\/agua-2\/\"><img width=\"150\" height=\"150\" src=\"https:\/\/static-blogs.diariovasco.com\/wp-content\/uploads\/sites\/24\/2015\/03\/agua-2-150x150.jpg\" class=\"attachment-thumbnail size-thumbnail\" alt=\"\" loading=\"lazy\" \/><\/a>\n\t\t\t<\/dt><\/dl><dl class='gallery-item'>\n\t\t\t<dt class='gallery-icon landscape'>\n\t\t\t\t<a href=\"https:\/\/blogs.diariovasco.com\/unicef\/2015\/03\/23\/agua-un-derecho-que-todavia-muchos-ninos-y-ninas-no-tienen\/agua-3\/\"><img width=\"150\" height=\"150\" src=\"https:\/\/static-blogs.diariovasco.com\/wp-content\/uploads\/sites\/24\/2015\/03\/agua-3-150x150.jpg\" class=\"attachment-thumbnail size-thumbnail\" alt=\"\" loading=\"lazy\" \/><\/a>\n\t\t\t<\/dt><\/dl><br style=\"clear: both\" \/>\n\t\t<\/div>\n\n<p>Son cifras preocupantes que ponen de manifiesto la situaci\u00f3n a nivel mundial de un derecho fundamental que en el d\u00eda a d\u00eda en ocasiones pasa desapercibido: <strong><a href=\"http:\/\/www.unicef.es\/actualidad-documentacion\/noticias\/dia-mundial-del-agua-1000-ninos-mueren-cada-dia-causa-de?utm_source=Facebook&#038;utm_medium=SocialMedia&#038;utm_content=22-3-15&#038;utm_campaign=diaagua2015\" rel=\"external nofollow\">el acceso al agua<\/a><\/strong>.<\/p>\n<!-- AddThis Advanced Settings generic via filter on the_content --><!-- AddThis Share Buttons generic via filter on the_content -->","protected":false},"excerpt":{"rendered":"<p>&#8211;\u00a0\u00a0\u00a0\u00a0\u00a0\u00a0\u00a0\u00a0 Cerca de\u00a01.000 ni\u00f1os\u00a0y ni\u00f1as mueren\u00a0todos los d\u00edas a causa de enfermedades diarreicas asociadas con agua potable contaminada, saneamiento deficiente o malas pr\u00e1cticas de higiene. &#8211;\u00a0\u00a0\u00a0\u00a0\u00a0\u00a0\u00a0\u00a0 \u00a0748 millones de personas\u00a0en todo el mundo siguen teniendo\u00a0serios problemas\u00a0para\u00a0acceder al agua. En el caso de las\u00a0mujeres\u00a0y las\u00a0ni\u00f1as, recoger agua reduce el tiempo que pueden dedicar al cuidado de [&hellip;]<!-- AddThis Advanced Settings generic via filter on get_the_excerpt --><!-- AddThis Share Buttons generic via filter on get_the_excerpt --><\/p>\n","protected":false},"author":44,"featured_media":0,"comment_status":"open","ping_status":"open","sticky":false,"template":"","format":"standard","meta":[],"categories":[5],"tags":[],"_links":{"self":[{"href":"https:\/\/blogs.diariovasco.com\/unicef\/wp-json\/wp\/v2\/posts\/358"}],"collection":[{"href":"https:\/\/blogs.diariovasco.com\/unicef\/wp-json\/wp\/v2\/posts"}],"about":[{"href":"https:\/\/blogs.diariovasco.com\/unicef\/wp-json\/wp\/v2\/types\/post"}],"author":[{"embeddable":true,"href":"https:\/\/blogs.diariovasco.com\/unicef\/wp-json\/wp\/v2\/users\/44"}],"replies":[{"embeddable":true,"href":"https:\/\/blogs.diariovasco.com\/unicef\/wp-json\/wp\/v2\/comments?post=358"}],"version-history":[{"count":0,"href":"https:\/\/blogs.diariovasco.com\/unicef\/wp-json\/wp\/v2\/posts\/358\/revisions"}],"wp:attachment":[{"href":"https:\/\/blogs.diariovasco.com\/unicef\/wp-json\/wp\/v2\/media?parent=358"}],"wp:term":[{"taxonomy":"category","embeddable":true,"href":"https:\/\/blogs.diariovasco.com\/unicef\/wp-json\/wp\/v2\/categories?post=358"},{"taxonomy":"post_tag","embeddable":true,"href":"https:\/\/blogs.diariovasco.com\/unicef\/wp-json\/wp\/v2\/tags?post=358"}],"curies":[{"name":"wp","href":"https:\/\/api.w.org\/{rel}","templated":true}]}}