{"id":431,"date":"2015-09-04T13:34:02","date_gmt":"2015-09-04T12:34:02","guid":{"rendered":"http:\/\/blogs.diariovasco.com\/unicef\/?p=431"},"modified":"2015-09-04T13:34:02","modified_gmt":"2015-09-04T12:34:02","slug":"crisismigratoria-imagenes-que-hablan-solas","status":"publish","type":"post","link":"https:\/\/blogs.diariovasco.com\/unicef\/2015\/09\/04\/crisismigratoria-imagenes-que-hablan-solas\/","title":{"rendered":"#CRISISMIGRATORIA  Im\u00e1genes que hablan solas"},"content":{"rendered":"<p>351.000 migrantes y refugiados han llegado a Europa este a\u00f1o por el Mediterr\u00e1neo. Al menos 2.643 han muerto en lo que va de a\u00f1o. Son datos de la Organizaci\u00f3n Internacional para las Migraciones (OIM). En su mayor\u00eda proceden de Siria (80%) y huyen de los conflictos en sus pa\u00edses de origen como Afganist\u00e1n, Irak, Paquist\u00e1n, Somalia, Nigeria&#8230; La situaci\u00f3n est\u00e1 siendo especialmente dif\u00edcil en la frontera entre Grecia y Macedonia. Desgraciadamente, las fotograf\u00edas que ilustran esta cat\u00e1strofe humanitaria explican la cruda realidad. <strong><a href=\"https:\/\/www.unicef.es\/cooperacion-internacional\/donar-ong\/hacer-donacion\/ayuda-urgente-en-siria\" rel=\"external nofollow\">Los ni\u00f1os y ni\u00f1as de Siria necesitan tu ayuda.<\/a><\/strong><\/p>\n<p>&nbsp;<\/p>\n<p><iframe loading=\"lazy\" src=\"https:\/\/www.youtube.com\/embed\/5Q83fsayKaA\" frameborder=\"0\" width=\"560\" height=\"315\"><\/iframe><\/p>\n<p>&nbsp;<\/p>\n\n\t\t<style type=\"text\/css\">\n\t\t\t#gallery-1 {\n\t\t\t\tmargin: auto;\n\t\t\t}\n\t\t\t#gallery-1 .gallery-item {\n\t\t\t\tfloat: left;\n\t\t\t\tmargin-top: 10px;\n\t\t\t\ttext-align: center;\n\t\t\t\twidth: 20%;\n\t\t\t}\n\t\t\t#gallery-1 img {\n\t\t\t\tborder: 2px solid #cfcfcf;\n\t\t\t}\n\t\t\t#gallery-1 .gallery-caption {\n\t\t\t\tmargin-left: 0;\n\t\t\t}\n\t\t\t\/* see gallery_shortcode() in wp-includes\/media.php *\/\n\t\t<\/style>\n\t\t<div id='gallery-1' class='gallery galleryid-431 gallery-columns-5 gallery-size-thumbnail'><dl class='gallery-item'>\n\t\t\t<dt class='gallery-icon portrait'>\n\t\t\t\t<a href=\"https:\/\/blogs.diariovasco.com\/unicef\/2015\/09\/04\/crisismigratoria-imagenes-que-hablan-solas\/uni195497\/\"><img width=\"150\" height=\"150\" src=\"https:\/\/static-blogs.diariovasco.com\/wp-content\/uploads\/sites\/24\/2015\/09\/UNI195497-150x150.jpg\" class=\"attachment-thumbnail size-thumbnail\" alt=\"\" loading=\"lazy\" \/><\/a>\n\t\t\t<\/dt><\/dl><dl class='gallery-item'>\n\t\t\t<dt class='gallery-icon landscape'>\n\t\t\t\t<a href=\"https:\/\/blogs.diariovasco.com\/unicef\/2015\/09\/04\/crisismigratoria-imagenes-que-hablan-solas\/mexa2014-003\/\"><img width=\"150\" height=\"150\" src=\"https:\/\/static-blogs.diariovasco.com\/wp-content\/uploads\/sites\/24\/2015\/09\/UNI176266-150x150.jpg\" class=\"attachment-thumbnail size-thumbnail\" alt=\"\" loading=\"lazy\" \/><\/a>\n\t\t\t<\/dt><\/dl><dl class='gallery-item'>\n\t\t\t<dt class='gallery-icon landscape'>\n\t\t\t\t<a href=\"https:\/\/blogs.diariovasco.com\/unicef\/2015\/09\/04\/crisismigratoria-imagenes-que-hablan-solas\/nyhq2015-2053\/\"><img width=\"150\" height=\"150\" src=\"https:\/\/static-blogs.diariovasco.com\/wp-content\/uploads\/sites\/24\/2015\/09\/UNI195349-150x150.jpg\" class=\"attachment-thumbnail size-thumbnail\" alt=\"\" loading=\"lazy\" \/><\/a>\n\t\t\t<\/dt><\/dl><dl class='gallery-item'>\n\t\t\t<dt class='gallery-icon landscape'>\n\t\t\t\t<a href=\"https:\/\/blogs.diariovasco.com\/unicef\/2015\/09\/04\/crisismigratoria-imagenes-que-hablan-solas\/nyhq2015-2061\/\"><img width=\"150\" height=\"150\" src=\"https:\/\/static-blogs.diariovasco.com\/wp-content\/uploads\/sites\/24\/2015\/09\/UNI195357-150x150.jpg\" class=\"attachment-thumbnail size-thumbnail\" alt=\"\" loading=\"lazy\" \/><\/a>\n\t\t\t<\/dt><\/dl><dl class='gallery-item'>\n\t\t\t<dt class='gallery-icon landscape'>\n\t\t\t\t<a href=\"https:\/\/blogs.diariovasco.com\/unicef\/2015\/09\/04\/crisismigratoria-imagenes-que-hablan-solas\/nyhq2015-2067\/\"><img width=\"150\" height=\"150\" src=\"https:\/\/static-blogs.diariovasco.com\/wp-content\/uploads\/sites\/24\/2015\/09\/UNI195363-150x150.jpg\" class=\"attachment-thumbnail size-thumbnail\" alt=\"\" loading=\"lazy\" \/><\/a>\n\t\t\t<\/dt><\/dl><br style=\"clear: both\" \/><dl class='gallery-item'>\n\t\t\t<dt class='gallery-icon landscape'>\n\t\t\t\t<a href=\"https:\/\/blogs.diariovasco.com\/unicef\/2015\/09\/04\/crisismigratoria-imagenes-que-hablan-solas\/uni195492\/\"><img width=\"150\" height=\"150\" src=\"https:\/\/static-blogs.diariovasco.com\/wp-content\/uploads\/sites\/24\/2015\/09\/UNI195492-150x150.jpg\" class=\"attachment-thumbnail size-thumbnail\" alt=\"\" loading=\"lazy\" \/><\/a>\n\t\t\t<\/dt><\/dl><dl class='gallery-item'>\n\t\t\t<dt class='gallery-icon landscape'>\n\t\t\t\t<a href=\"https:\/\/blogs.diariovasco.com\/unicef\/2015\/09\/04\/crisismigratoria-imagenes-que-hablan-solas\/uni195498\/\"><img width=\"150\" height=\"150\" src=\"https:\/\/static-blogs.diariovasco.com\/wp-content\/uploads\/sites\/24\/2015\/09\/UNI195498-150x150.jpg\" class=\"attachment-thumbnail size-thumbnail\" alt=\"\" loading=\"lazy\" \/><\/a>\n\t\t\t<\/dt><\/dl><dl class='gallery-item'>\n\t\t\t<dt class='gallery-icon landscape'>\n\t\t\t\t<a href=\"https:\/\/blogs.diariovasco.com\/unicef\/2015\/09\/04\/crisismigratoria-imagenes-que-hablan-solas\/uni195499\/\"><img width=\"150\" height=\"150\" src=\"https:\/\/static-blogs.diariovasco.com\/wp-content\/uploads\/sites\/24\/2015\/09\/UNI195499-150x150.jpg\" class=\"attachment-thumbnail size-thumbnail\" alt=\"\" loading=\"lazy\" \/><\/a>\n\t\t\t<\/dt><\/dl><dl class='gallery-item'>\n\t\t\t<dt class='gallery-icon landscape'>\n\t\t\t\t<a href=\"https:\/\/blogs.diariovasco.com\/unicef\/2015\/09\/04\/crisismigratoria-imagenes-que-hablan-solas\/uni195506\/\"><img width=\"150\" height=\"150\" src=\"https:\/\/static-blogs.diariovasco.com\/wp-content\/uploads\/sites\/24\/2015\/09\/UNI195506-150x150.jpg\" class=\"attachment-thumbnail size-thumbnail\" alt=\"\" loading=\"lazy\" \/><\/a>\n\t\t\t<\/dt><\/dl><dl class='gallery-item'>\n\t\t\t<dt class='gallery-icon landscape'>\n\t\t\t\t<a href=\"https:\/\/blogs.diariovasco.com\/unicef\/2015\/09\/04\/crisismigratoria-imagenes-que-hablan-solas\/uni195510\/\"><img width=\"150\" height=\"150\" src=\"https:\/\/static-blogs.diariovasco.com\/wp-content\/uploads\/sites\/24\/2015\/09\/UNI195510-150x150.jpg\" class=\"attachment-thumbnail size-thumbnail\" alt=\"\" loading=\"lazy\" \/><\/a>\n\t\t\t<\/dt><\/dl><br style=\"clear: both\" \/>\n\t\t<\/div>\n\n<!-- AddThis Advanced Settings generic via filter on the_content --><!-- AddThis Share Buttons generic via filter on the_content -->","protected":false},"excerpt":{"rendered":"<p>351.000 migrantes y refugiados han llegado a Europa este a\u00f1o por el Mediterr\u00e1neo. Al menos 2.643 han muerto en lo que va de a\u00f1o. Son datos de la Organizaci\u00f3n Internacional para las Migraciones (OIM). En su mayor\u00eda proceden de Siria (80%) y huyen de los conflictos en sus pa\u00edses de origen como Afganist\u00e1n, Irak, Paquist\u00e1n, [&hellip;]<!-- AddThis Advanced Settings generic via filter on get_the_excerpt --><!-- AddThis Share Buttons generic via filter on get_the_excerpt --><\/p>\n","protected":false},"author":44,"featured_media":0,"comment_status":"open","ping_status":"open","sticky":false,"template":"","format":"standard","meta":[],"categories":[5],"tags":[],"_links":{"self":[{"href":"https:\/\/blogs.diariovasco.com\/unicef\/wp-json\/wp\/v2\/posts\/431"}],"collection":[{"href":"https:\/\/blogs.diariovasco.com\/unicef\/wp-json\/wp\/v2\/posts"}],"about":[{"href":"https:\/\/blogs.diariovasco.com\/unicef\/wp-json\/wp\/v2\/types\/post"}],"author":[{"embeddable":true,"href":"https:\/\/blogs.diariovasco.com\/unicef\/wp-json\/wp\/v2\/users\/44"}],"replies":[{"embeddable":true,"href":"https:\/\/blogs.diariovasco.com\/unicef\/wp-json\/wp\/v2\/comments?post=431"}],"version-history":[{"count":0,"href":"https:\/\/blogs.diariovasco.com\/unicef\/wp-json\/wp\/v2\/posts\/431\/revisions"}],"wp:attachment":[{"href":"https:\/\/blogs.diariovasco.com\/unicef\/wp-json\/wp\/v2\/media?parent=431"}],"wp:term":[{"taxonomy":"category","embeddable":true,"href":"https:\/\/blogs.diariovasco.com\/unicef\/wp-json\/wp\/v2\/categories?post=431"},{"taxonomy":"post_tag","embeddable":true,"href":"https:\/\/blogs.diariovasco.com\/unicef\/wp-json\/wp\/v2\/tags?post=431"}],"curies":[{"name":"wp","href":"https:\/\/api.w.org\/{rel}","templated":true}]}}