{"id":493,"date":"2017-02-13T11:56:45","date_gmt":"2017-02-13T10:56:45","guid":{"rendered":"http:\/\/blogs.diariovasco.com\/unicef\/?p=493"},"modified":"2017-02-13T11:56:45","modified_gmt":"2017-02-13T10:56:45","slug":"30-000-ninos-soldado-convertidos-en-combatientes-involuntarios","status":"publish","type":"post","link":"https:\/\/blogs.diariovasco.com\/unicef\/2017\/02\/13\/30-000-ninos-soldado-convertidos-en-combatientes-involuntarios\/","title":{"rendered":"30.000 ni\u00f1os soldado convertidos en combatientes involuntarios"},"content":{"rendered":"<p>\u201cLas cosas no iban bien en casa, as\u00ed que me escap\u00e9 y me convert\u00ed en <strong>soldado<\/strong> con doce a\u00f1os. Con quince me qued\u00e9 embarazada. Tener un hijo conlleva mucha responsabilidad, no s\u00e9 lo que hacer\u201d nos cuenta <a href=\"http:\/\/www.unicef.org.au\/blog\/may-2016\/why-i-became-a-child-soldier\" rel=\"external nofollow\">Angelina<\/a> desde Colombia. Ahora, con 23 a\u00f1os, lo \u00fanico que quiere es no perderse ni un minuto de la vida de su hija.<\/p>\n<p>En los m\u00e1s de <strong>30 conflictos armados<\/strong> que hay en todo el mundo participan unos <strong>300.000 <a href=\"https:\/\/www.unicef.es\/ninos-soldado\" rel=\"external nofollow\">ni\u00f1os y ni\u00f1as soldado<\/a><\/strong> que, sin apenas saber c\u00f3mo han llegado hasta ah\u00ed, se han convertido en combatientes involuntarios. Muchas de ellos est\u00e1n en plena l\u00ednea de combate, otros est\u00e1n obligados a ejercer de mensajeros, esclavas sexuales o son utilizados para ataques suicidas.<\/p>\n<p>Algunos son <strong>secuestrados<\/strong>; a otros, la <strong>pobreza<\/strong>, los malos tratos, la presi\u00f3n de la sociedad o el deseo de vengarse de la violencia contra ellos o sus familias les llevan a unirse a <strong>grupos armados<\/strong> y empu\u00f1ar un arma.<\/p>\n<div class=\"mceTemp mceIEcenter\">\n<dl id=\"attachment_494\" class=\"wp-caption aligncenter\" style=\"width: 535px;\">\n<dt class=\"wp-caption-dt\"><a href=\"\/unicef\/wp-content\/uploads\/sites\/24\/2017\/02\/30000_ninos_soldado_convertidos_en_combatientes_involuntarios.jpg\"><img loading=\"lazy\" class=\" wp-image-494    \" title=\"30000_ninos_soldado_convertidos_en_combatientes_involuntarios\" src=\"\/unicef\/wp-content\/uploads\/sites\/24\/2017\/02\/30000_ninos_soldado_convertidos_en_combatientes_involuntarios.jpg\" alt=\"30000_ninos_soldado_convertidos_en_combatientes_involuntarios\" width=\"525\" height=\"325\" \/><\/a><\/dt>\n<dd class=\"wp-caption-dd\"><\/dd>\n<\/dl>\n<\/div>\n<p>Esta \u00faltima es la raz\u00f3n por la que <a href=\"http:\/\/www.unicef.org.au\/blog\/january-2015\/in-their-own-words-south-sudan-s-child-soldiers\" rel=\"external nofollow\">James John<\/a>, con solo 13 a\u00f1os, decidi\u00f3 unirse a la lucha armada: \u201cnuestros enemigos <strong>mataron a mi hermana<\/strong>, mi t\u00edo y a otros miembros de la familia. Pero <strong>la vida como soldado no es f\u00e1cil<\/strong>, tenemos que andar mucho, a veces incluso durante tres o cuatro d\u00edas, llevando equipamiento muy pesado\u201d. Ahora James <strong>quiere ir al colegio<\/strong>, aprender y, cuando sea mayor, ayudar a la gente de su comunidad.<\/p>\n<p>Convertirse en soldado a una edad tan temprana les trae a los ni\u00f1os y ni\u00f1as <strong>secuelas f\u00edsicas <\/strong>causadas en la batalla o por abusos, tienen desnutrici\u00f3n y muchos de ellos contraen enfermedades de transmisi\u00f3n sexual. Adem\u00e1s, las <strong>secuelas psicol\u00f3gicas<\/strong> no tardan mucho en aparecer, habiendo presenciado a edades tan tempranas actos de violencia extremadamente crueles.<\/p>\n<p>Desde UNICEF trabajamos incansablemente para liberar a estos ni\u00f1os y ni\u00f1as de las fuerzas armadas y que puedan volver con sus familias por medio de tres principales pasos: la <strong>desmovilizaci\u00f3n<\/strong>, donde se les lleva a un centro de tr\u00e1nsito para recibir los cuidados necesarios; el <strong>desarme<\/strong> para eliminar las armas y la <strong>reintegraci\u00f3n<\/strong> en la sociedad.<\/p>\n<p>Por medio de nuestro trabajo en los \u00faltimos a\u00f1os hemos conseguido <strong>la<\/strong> <strong>liberaci\u00f3n de<\/strong> <strong>casi 10.000 ni\u00f1os y ni\u00f1as soldado<\/strong>, pero no es suficiente. Seguimos trabajando para que la guerra deje de convertirse en algo que marque a la infancia de por vida. <a href=\"https:\/\/www.unicef.es\/colabora\/como-hacerse-socio\" rel=\"external nofollow\">Colabora<\/a> con nosotros.<\/p>\n<p><iframe loading=\"lazy\" width=\"560\" height=\"315\" src=\"https:\/\/www.youtube.com\/embed\/7L-7DBG3ZUQ\" frameborder=\"0\" allowfullscreen><\/iframe><\/p>\n<!-- AddThis Advanced Settings generic via filter on the_content --><!-- AddThis Share Buttons generic via filter on the_content -->","protected":false},"excerpt":{"rendered":"<p>\u201cLas cosas no iban bien en casa, as\u00ed que me escap\u00e9 y me convert\u00ed en soldado con doce a\u00f1os. Con quince me qued\u00e9 embarazada. Tener un hijo conlleva mucha responsabilidad, no s\u00e9 lo que hacer\u201d nos cuenta Angelina desde Colombia. Ahora, con 23 a\u00f1os, lo \u00fanico que quiere es no perderse ni un minuto de [&hellip;]<!-- AddThis Advanced Settings generic via filter on get_the_excerpt --><!-- AddThis Share Buttons generic via filter on get_the_excerpt --><\/p>\n","protected":false},"author":44,"featured_media":0,"comment_status":"open","ping_status":"open","sticky":false,"template":"","format":"standard","meta":[],"categories":[5],"tags":[],"_links":{"self":[{"href":"https:\/\/blogs.diariovasco.com\/unicef\/wp-json\/wp\/v2\/posts\/493"}],"collection":[{"href":"https:\/\/blogs.diariovasco.com\/unicef\/wp-json\/wp\/v2\/posts"}],"about":[{"href":"https:\/\/blogs.diariovasco.com\/unicef\/wp-json\/wp\/v2\/types\/post"}],"author":[{"embeddable":true,"href":"https:\/\/blogs.diariovasco.com\/unicef\/wp-json\/wp\/v2\/users\/44"}],"replies":[{"embeddable":true,"href":"https:\/\/blogs.diariovasco.com\/unicef\/wp-json\/wp\/v2\/comments?post=493"}],"version-history":[{"count":0,"href":"https:\/\/blogs.diariovasco.com\/unicef\/wp-json\/wp\/v2\/posts\/493\/revisions"}],"wp:attachment":[{"href":"https:\/\/blogs.diariovasco.com\/unicef\/wp-json\/wp\/v2\/media?parent=493"}],"wp:term":[{"taxonomy":"category","embeddable":true,"href":"https:\/\/blogs.diariovasco.com\/unicef\/wp-json\/wp\/v2\/categories?post=493"},{"taxonomy":"post_tag","embeddable":true,"href":"https:\/\/blogs.diariovasco.com\/unicef\/wp-json\/wp\/v2\/tags?post=493"}],"curies":[{"name":"wp","href":"https:\/\/api.w.org\/{rel}","templated":true}]}}