{"id":497,"date":"2017-03-13T11:57:37","date_gmt":"2017-03-13T10:57:37","guid":{"rendered":"http:\/\/blogs.diariovasco.com\/unicef\/?p=495"},"modified":"2017-03-13T11:57:37","modified_gmt":"2017-03-13T10:57:37","slug":"cierraunicef-por-un-mundo-donde-no-sea-necesario","status":"publish","type":"post","link":"https:\/\/blogs.diariovasco.com\/unicef\/2017\/03\/13\/cierraunicef-por-un-mundo-donde-no-sea-necesario\/","title":{"rendered":"#CierraUNICEF: por un mundo donde no sea necesario"},"content":{"rendered":"<p>Tras setenta a\u00f1os de trabajo, UNICEF ha mejorado la situaci\u00f3n de millones de ni\u00f1os y ni\u00f1as en el mundo gracias a vacunas, alimento, escuelas y protecci\u00f3n en pa\u00edses de todo el mundo. Sin embargo, a\u00fan queda mucho camino por recorrer para que se haga realidad su sue\u00f1o m\u00e1s deseado: <strong><a href=\"https:\/\/www.unicef.es\/?video\" rel=\"external nofollow\">cerrar UNICEF<\/a><\/strong>.<\/p>\n<p>Y es que cerrar significar\u00eda que los <strong>derechos<\/strong> de todos los ni\u00f1os y ni\u00f1as de cualquier lugar del mundo <strong>est\u00e9n cubiertos<\/strong>, que todos pudiesen vivir en lugares fuera de conflicto y que tuvieran sus necesidades primarias completamente satisfechas.<\/p>\n<p style=\"text-align: center;\"><a href=\"\/unicef\/wp-content\/uploads\/sites\/24\/2017\/03\/Cierra_UNICEF_por_un_mundo_donde_no_sea_necesario2.jpg\"><img loading=\"lazy\" class=\"aligncenter  wp-image-500\" title=\"Cierra_UNICEF_por_un_mundo_donde_no_sea_necesario\" src=\"\/unicef\/wp-content\/uploads\/sites\/24\/2017\/03\/Cierra_UNICEF_por_un_mundo_donde_no_sea_necesario2.jpg\" alt=\"Cierra_UNICEF_por_un_mundo_donde_no_sea_necesario\" width=\"717\" height=\"475\" \/><\/a><\/p>\n<p>Todav\u00eda en 2017 cincuenta millones de ni\u00f1os y ni\u00f1as sufren <strong>desnutrici\u00f3n aguda<\/strong>, 61 millones <strong>no van a la escuela<\/strong> y el <strong>trabajo infantil<\/strong> y el <strong>matrimonio infantil<\/strong> son una triste realidad a la que muchos se tienen que enfrentar diariamente sin recursos para poder evitarlo.<\/p>\n<p>En los \u00faltimos 17 a\u00f1os se ha salvado la vida de <strong>48 millones de ni\u00f1os y ni\u00f1as menores de cinco a\u00f1os<\/strong>, entre 1990 y 2015 se ha proporcionado acceso a agua potable a 250 millones de personas; y cada a\u00f1o entre dos y tres millones de ni\u00f1os y ni\u00f1as consiguen salvar su vida gracias a una vacuna.<\/p>\n<p style=\"text-align: center;\"><a href=\"\/unicef\/wp-content\/uploads\/sites\/24\/2017\/03\/Cierra_UNICEF_por_un_mundo_donde_no_seamos_necesario.jpg\"><img loading=\"lazy\" class=\"aligncenter  wp-image-498\" title=\"Cierra_UNICEF_por_un_mundo_donde_no_seamos_necesario\" src=\"\/unicef\/wp-content\/uploads\/sites\/24\/2017\/03\/Cierra_UNICEF_por_un_mundo_donde_no_seamos_necesario.jpg\" alt=\"Cierra_UNICEF_por_un_mundo_donde_no_seamos_necesario\" width=\"717\" height=\"477\" \/><\/a><\/p>\n<p>Pero, a pesar de estas cifras positivas, las hay tambi\u00e9n <strong>muy alarmantes<\/strong>: 16.000 ni\u00f1os y ni\u00f1as est\u00e1n muriendo cada d\u00eda por causas evitables como la diarrea y 50 millones padecen <strong>desnutrici\u00f3n aguda<\/strong>. A pesar de nuestro esfuerzo, el n\u00famero de menores que se ven obligados a trabajar para ayudar a sus familias asciende a 168 millones.<\/p>\n<p>Las <strong>situaciones extremas<\/strong> a las que se enfrentan en sus pa\u00edses de origen ponen en peligro cada segundo de sus vidas: <strong>535 millones de ni\u00f1os y ni\u00f1as<\/strong> viven en lugares afectados por conflictos o desastres naturales. La guerra en Siria y la crisis de los refugiados, la hambruna en Sud\u00e1n del Sur, el conflicto en Yemen o la violencia en Nigeria son solo algunas de las emergencias que hacen que UNICEF siga siendo necesario.<\/p>\n<p style=\"text-align: center;\"><a href=\"\/unicef\/wp-content\/uploads\/sites\/24\/2017\/03\/Cierra_UNICEF_por_un_mundo_donde_no_seamos_necesarios.jpg\"><img loading=\"lazy\" class=\"aligncenter  wp-image-499\" title=\"Cierra_UNICEF_por_un_mundo_donde_no_seamos_necesarios\" src=\"\/unicef\/wp-content\/uploads\/sites\/24\/2017\/03\/Cierra_UNICEF_por_un_mundo_donde_no_seamos_necesarios.jpg\" alt=\"Cierra_UNICEF_por_un_mundo_donde_no_seamos_necesarios\" width=\"717\" height=\"475\" \/><\/a><\/p>\n<p>No podemos dar la espalda a estos ni\u00f1os y ni\u00f1as indefensos. En sus m\u00e1s de setenta a\u00f1os de vida UNICEF ha demostrado gracias al apoyo de todos que <strong>un mundo mejor para la infancia es posible<\/strong>. Pero todav\u00eda queda mucho trabajo por delante. <a href=\"https:\/\/www.unicef.es\/noticia\/por-que-cierraunicef\" rel=\"external nofollow\">Alcanzar el cierre <\/a>de nuestra organizaci\u00f3n es una utop\u00eda que puede hacerse realidad con nuestro esfuerzo y tu ayuda. <a href=\"https:\/\/www.unicef.es\/?video\" rel=\"external nofollow\">Colabora con nosotros y #CierraUnicef<\/a>.<\/p>\n<p>&nbsp;<\/p>\n<p><iframe loading=\"lazy\" src=\"https:\/\/www.youtube.com\/embed\/dMZXv53XrFM\" frameborder=\"0\" width=\"560\" height=\"315\"><\/iframe><\/p>\n<!-- AddThis Advanced Settings generic via filter on the_content --><!-- AddThis Share Buttons generic via filter on the_content -->","protected":false},"excerpt":{"rendered":"<p>Tras setenta a\u00f1os de trabajo, UNICEF ha mejorado la situaci\u00f3n de millones de ni\u00f1os y ni\u00f1as en el mundo gracias a vacunas, alimento, escuelas y protecci\u00f3n en pa\u00edses de todo el mundo. Sin embargo, a\u00fan queda mucho camino por recorrer para que se haga realidad su sue\u00f1o m\u00e1s deseado: cerrar UNICEF. Y es que cerrar [&hellip;]<!-- AddThis Advanced Settings generic via filter on get_the_excerpt --><!-- AddThis Share Buttons generic via filter on get_the_excerpt --><\/p>\n","protected":false},"author":44,"featured_media":0,"comment_status":"open","ping_status":"open","sticky":false,"template":"","format":"standard","meta":[],"categories":[2],"tags":[66,10,67,68,69,70,27,71,30,51,55,72,73,63,74],"_links":{"self":[{"href":"https:\/\/blogs.diariovasco.com\/unicef\/wp-json\/wp\/v2\/posts\/497"}],"collection":[{"href":"https:\/\/blogs.diariovasco.com\/unicef\/wp-json\/wp\/v2\/posts"}],"about":[{"href":"https:\/\/blogs.diariovasco.com\/unicef\/wp-json\/wp\/v2\/types\/post"}],"author":[{"embeddable":true,"href":"https:\/\/blogs.diariovasco.com\/unicef\/wp-json\/wp\/v2\/users\/44"}],"replies":[{"embeddable":true,"href":"https:\/\/blogs.diariovasco.com\/unicef\/wp-json\/wp\/v2\/comments?post=497"}],"version-history":[{"count":0,"href":"https:\/\/blogs.diariovasco.com\/unicef\/wp-json\/wp\/v2\/posts\/497\/revisions"}],"wp:attachment":[{"href":"https:\/\/blogs.diariovasco.com\/unicef\/wp-json\/wp\/v2\/media?parent=497"}],"wp:term":[{"taxonomy":"category","embeddable":true,"href":"https:\/\/blogs.diariovasco.com\/unicef\/wp-json\/wp\/v2\/categories?post=497"},{"taxonomy":"post_tag","embeddable":true,"href":"https:\/\/blogs.diariovasco.com\/unicef\/wp-json\/wp\/v2\/tags?post=497"}],"curies":[{"name":"wp","href":"https:\/\/api.w.org\/{rel}","templated":true}]}}