{"id":503,"date":"2017-05-08T14:33:40","date_gmt":"2017-05-08T13:33:40","guid":{"rendered":"http:\/\/blogs.diariovasco.com\/unicef\/?p=503"},"modified":"2017-05-08T14:33:40","modified_gmt":"2017-05-08T13:33:40","slug":"desarraigo-y-depresion-la-situacion-de-millones-de-ninos-y-ninas","status":"publish","type":"post","link":"https:\/\/blogs.diariovasco.com\/unicef\/2017\/05\/08\/desarraigo-y-depresion-la-situacion-de-millones-de-ninos-y-ninas\/","title":{"rendered":"Desarraigo y depresi\u00f3n: la situaci\u00f3n de millones de ni\u00f1os y ni\u00f1as"},"content":{"rendered":"<p>La infancia, los ni\u00f1os y las ni\u00f1as, no solo representan el futuro y el desarrollo de un pa\u00eds. Tambi\u00e9n son la cara amable, la inocencia, la jovialidad y la alegr\u00eda. Cuando una ni\u00f1a o un ni\u00f1o est\u00e1 <strong>triste<\/strong>, significa que algo est\u00e1 fallando en el mundo que los adultos est\u00e1n construyendo para ellos.<\/p>\n<p>Evidentemente no hablamos de una tristeza superflua y coyuntural, sino la que subyace de una enfermedad m\u00e1s grave y compleja como es la <strong>depresi\u00f3n<\/strong>. Es la que corren el riesgo de sufrir los casi <a href=\"https:\/\/www.unicef.es\/prensa\/crisis-de-refugiados-y-migrantes-casi-25000-ninos-atrapados-en-europa-en-riesgo-de-sufrir\" rel=\"external nofollow\">25.000 ni\u00f1os y ni\u00f1as atrapados en Europa<\/a>, entre sus pa\u00edses de origen y un futuro que se vislumbra cercado. Son los hijos e hijas de las 75.000 personas refugiadas y migrantes que malviven en los campos de Grecia, Hungr\u00eda, Bulgaria y Balcanes Occidentales, o incluso, en casos extremos, menores no acompa\u00f1ados.<\/p>\n<p>En la mayor\u00eda de los casos, los menores van acompa\u00f1ados de sus madres, esperan largamente poder proseguir su marcha y reencontrarse con sus padres o resto de familia en pa\u00edses de destino como Alemania o Suecia. Pero no es sencillo. La burocracia y los intereses pol\u00edticos hacen que, por ejemplo, de las 5.000 solicitudes de asilo que se realizaron en Grecia a lo largo del 2016, \u00fanicamente 1.107 llegaran a prosperar. La UE ha prometido incidir en la protecci\u00f3n integral de los ni\u00f1os y ni\u00f1as migrantes: evitar que sean objeto de trata, de abusos sexuales o de violencia f\u00edsica. Sin embargo, hay algo de lo que dif\u00edcilmente les podr\u00e1n proteger sin soluciones innovadoras e integrales: <strong>el desarraigo<\/strong>.<\/p>\n<p><a href=\"\/unicef\/wp-content\/uploads\/sites\/24\/2017\/05\/UN057861_Med-Res.jpg\"><img loading=\"lazy\" class=\"aligncenter size-large wp-image-504\" title=\"ROA170311176\" src=\"\/unicef\/wp-content\/uploads\/sites\/24\/2017\/05\/UN057861_Med-Res-1024x683.jpg\" alt=\"\" width=\"1024\" height=\"683\" \/><\/a><\/p>\n<p><strong><span style=\"text-decoration: underline;\">Silenciosa y profunda<\/span><\/strong><\/p>\n<p>Existen, en todo el mundo, 28 millones de ni\u00f1os y ni\u00f1as que se han visto obligados a desplazarse por conflictos y violencia y otros 20 millones por otras razones. En total, casi 50 millones de ni\u00f1os y ni\u00f1as con <strong>infancias truncadas<\/strong>, con entornos familiares a los que ya no volver\u00e1n y con una alegr\u00eda que se esfuma.<\/p>\n<p>UNICEF y sus aliados sobre el terreno, est\u00e1n supervisando la salud mental de mujeres, ni\u00f1os y ni\u00f1as, especialmente en Grecia. Las conclusiones son preocupantes. Reconocen que en cierta manera las madres han perdido la motivaci\u00f3n y se sienten estancadas, tras tantos meses atrapadas. Eso se traslada a sus hijos e hijas.<\/p>\n<p><a href=\"\/unicef\/wp-content\/uploads\/sites\/24\/2017\/05\/UN046840_Med-Res.jpg\"><img loading=\"lazy\" class=\"aligncenter size-large wp-image-505\" title=\"IMG_2890\" src=\"\/unicef\/wp-content\/uploads\/sites\/24\/2017\/05\/UN046840_Med-Res-1024x682.jpg\" alt=\"\" width=\"1024\" height=\"682\" \/><\/a><\/p>\n<p>Precisamente con el objetivo de visibilizar la situaci\u00f3n de la infancia refugiada y migrante, recientemente se ha celebrado en Madrid la <span style=\"text-decoration: underline;\"><a href=\"https:\/\/www.unicef.es\/noticia\/ninos-refugiados-y-migrantes-sus-derechos-responsabilidad-de-todos\" rel=\"external nofollow\">Consulta Internacional sobre la nueva Observaci\u00f3n General Conjunta sobre los ni\u00f1os y ni\u00f1as en el contexto de las migraciones internacionales<\/a><\/span>, con el foco puesto en la regi\u00f3n Mediterr\u00e1nea. Entre los retos pendientes, concienciar a la sociedad en su conjunto a trav\u00e9s de Naciones Unidas para que garantice los derechos de la infancia. El documento que ha surgido de esta Consulta debe servir de gu\u00eda para que los distintos gobiernos, pol\u00edticos, jueces y fiscales, abogados, polic\u00edas, m\u00e9dicos, profesores, empresas y medios de comunicaci\u00f3n promuevan y defiendan los derechos de los ni\u00f1os y ni\u00f1as, para que tan solo puedan ser eso, ni\u00f1os y ni\u00f1as alegres y sanos, sin m\u00e1s preocupaci\u00f3n que la de seguir creciendo y form\u00e1ndose.<\/p>\n<!-- AddThis Advanced Settings generic via filter on the_content --><!-- AddThis Share Buttons generic via filter on the_content -->","protected":false},"excerpt":{"rendered":"<p>La infancia, los ni\u00f1os y las ni\u00f1as, no solo representan el futuro y el desarrollo de un pa\u00eds. Tambi\u00e9n son la cara amable, la inocencia, la jovialidad y la alegr\u00eda. Cuando una ni\u00f1a o un ni\u00f1o est\u00e1 triste, significa que algo est\u00e1 fallando en el mundo que los adultos est\u00e1n construyendo para ellos. Evidentemente no [&hellip;]<!-- AddThis Advanced Settings generic via filter on get_the_excerpt --><!-- AddThis Share Buttons generic via filter on get_the_excerpt --><\/p>\n","protected":false},"author":44,"featured_media":0,"comment_status":"open","ping_status":"open","sticky":false,"template":"","format":"standard","meta":[],"categories":[2,5],"tags":[14,32,77,49,51,55],"_links":{"self":[{"href":"https:\/\/blogs.diariovasco.com\/unicef\/wp-json\/wp\/v2\/posts\/503"}],"collection":[{"href":"https:\/\/blogs.diariovasco.com\/unicef\/wp-json\/wp\/v2\/posts"}],"about":[{"href":"https:\/\/blogs.diariovasco.com\/unicef\/wp-json\/wp\/v2\/types\/post"}],"author":[{"embeddable":true,"href":"https:\/\/blogs.diariovasco.com\/unicef\/wp-json\/wp\/v2\/users\/44"}],"replies":[{"embeddable":true,"href":"https:\/\/blogs.diariovasco.com\/unicef\/wp-json\/wp\/v2\/comments?post=503"}],"version-history":[{"count":0,"href":"https:\/\/blogs.diariovasco.com\/unicef\/wp-json\/wp\/v2\/posts\/503\/revisions"}],"wp:attachment":[{"href":"https:\/\/blogs.diariovasco.com\/unicef\/wp-json\/wp\/v2\/media?parent=503"}],"wp:term":[{"taxonomy":"category","embeddable":true,"href":"https:\/\/blogs.diariovasco.com\/unicef\/wp-json\/wp\/v2\/categories?post=503"},{"taxonomy":"post_tag","embeddable":true,"href":"https:\/\/blogs.diariovasco.com\/unicef\/wp-json\/wp\/v2\/tags?post=503"}],"curies":[{"name":"wp","href":"https:\/\/api.w.org\/{rel}","templated":true}]}}