{"id":506,"date":"2017-06-01T14:33:10","date_gmt":"2017-06-01T13:33:10","guid":{"rendered":"http:\/\/blogs.diariovasco.com\/unicef\/?p=506"},"modified":"2017-06-01T14:33:10","modified_gmt":"2017-06-01T13:33:10","slug":"conflictos-que-marcan-una-vida","status":"publish","type":"post","link":"https:\/\/blogs.diariovasco.com\/unicef\/2017\/06\/01\/conflictos-que-marcan-una-vida\/","title":{"rendered":"Conflictos que marcan una vida"},"content":{"rendered":"<p>Cuando la sociedad, en general, se pregunta por las posibles soluciones a los problemas que afectan de manera directa a la <strong>infancia<\/strong>, ni los m\u00e1s optimistas pueden evitar cierto desasosiego al comprobar que, en el epicentro de todo, en la base de todo <strong>atentado contra los derechos de las ni\u00f1as y los ni\u00f1os<\/strong>, hallamos <strong>los<\/strong> <strong>conflictos<\/strong>. Son estructurales y peri\u00f3dicos; obedecen a razones econ\u00f3micas, \u00e9tnicas o religiosas; son desgarradores, tr\u00e1gicos y letales; y pueden acabar con generaciones enteras, frustran sue\u00f1os y corrompen sistemas. El conflicto, generalmente armado y violento, afecta de manera transversal a todas las capas de la sociedad. No obstante, en el caso de los ni\u00f1os y ni\u00f1as, sujetos de derecho, la gravedad se multiplica.<\/p>\n<p>UNICEF ha alertado recientemente sobre la situaci\u00f3n de <strong>24 millones de ni\u00f1os y ni\u00f1as<\/strong> en todo el mundo, afectados por distintos conflictos en <strong>Oriente Medio y Norte de \u00c1frica<\/strong>. La infancia, pese a estar directamente protegida y amparada por la <strong><a href=\"https:\/\/www.unicef.es\/causas\/derechos-ninos\/convencion-derechos-ninos\" rel=\"external nofollow\">Convenci\u00f3n sobre los Derechos del Ni\u00f1o<\/a><\/strong> (el tratado de derechos humanos m\u00e1s ratificado en todo el mundo, desde 1989), es el eslab\u00f3n m\u00e1s d\u00e9bil en una cadena ya de por s\u00ed, fr\u00e1gil. Un ni\u00f1o o una ni\u00f1a, hasta los 18 a\u00f1os, tiene el derecho a ser protegido por su familia (o por el estado, en su ausencia) y a hacer uso de todas las herramientas que se pongan a su alcance para gozar de un desarrollo \u00f3ptimo, una buena salud y una educaci\u00f3n de calidad, que no ponga en jaque su futuro.<\/p>\n<p><a href=\"\/unicef\/wp-content\/uploads\/sites\/24\/2017\/06\/UN05568_Med-Res.jpg\"><img loading=\"lazy\" class=\"aligncenter size-large wp-image-507\" title=\"NYHQ2015-3336\" src=\"\/unicef\/wp-content\/uploads\/sites\/24\/2017\/06\/UN05568_Med-Res-1024x681.jpg\" alt=\"\" width=\"1024\" height=\"681\" srcset=\"https:\/\/static-blogs.diariovasco.com\/wp-content\/uploads\/sites\/24\/2017\/06\/UN05568_Med-Res-1024x681.jpg 1024w, https:\/\/static-blogs.diariovasco.com\/wp-content\/uploads\/sites\/24\/2017\/06\/UN05568_Med-Res-300x200.jpg 300w, https:\/\/static-blogs.diariovasco.com\/wp-content\/uploads\/sites\/24\/2017\/06\/UN05568_Med-Res-768x511.jpg 768w, https:\/\/static-blogs.diariovasco.com\/wp-content\/uploads\/sites\/24\/2017\/06\/UN05568_Med-Res.jpg 1536w\" sizes=\"(max-width: 1024px) 100vw, 1024px\" \/><\/a><\/p>\n<p>&nbsp;<\/p>\n<p>Cuando el conflicto amenaza a una poblaci\u00f3n, los ni\u00f1os y las ni\u00f1as sufren consecuencias directas y derivadas. Solo en <strong>Yemen<\/strong>, m\u00e1s de 9,5 millones est\u00e1n al borde de sufrir hambruna. En <strong>Siria<\/strong> casi 6 millones de no pueden recibir asistencia sanitaria, ni vacunas ya que viven bajo asedio y resulta imposible acceder a ayuda humanitaria. En <strong>Irak<\/strong> m\u00e1s de 85.000 ni\u00f1os\/as est\u00e1n atrapados al oeste de Mosul, lo que condiciona su salud de manera directa y reduce dr\u00e1sticamente su esperanza de vida\u2026<strong>Libia<\/strong>, <strong>Sudan<\/strong> o la <strong>Franja de Gaza<\/strong> son otros de los conflictos armados donde los ni\u00f1os y ni\u00f1as ven <strong>conculcados sus derechos<\/strong>. Por no hablar de la <strong>educaci\u00f3n<\/strong>, la cual queda <strong>postergada<\/strong> y relegada hasta la resoluci\u00f3n del conflicto, en muchos casos por una equivocada priorizaci\u00f3n de los gobiernos locales, en otros, por la imposibilidad f\u00edsica de contar con centros escolares al haber sido destruidos.<\/p>\n<p>Si la salud f\u00edsica merma la esperanza de vida de los ni\u00f1os y ni\u00f1as, la <strong>salud mental<\/strong> aniquila sue\u00f1os: los ni\u00f1os y ni\u00f1as desarraigados que sufren <a href=\"https:\/\/blogs.diariovasco.com\/unicef\/2017\/05\/08\/desarraigo-y-depresion-la-situacion-de-millones-de-ninos-y-ninas\/\">depresi\u00f3n<\/a>, mientras esperan en los campos de refugiados de Grecia o Hungr\u00eda, por ejemplo, son el mayor exponente.<\/p>\n<p><a href=\"\/unicef\/wp-content\/uploads\/sites\/24\/2017\/06\/UN018346_Med-Res.jpg\"><img loading=\"lazy\" class=\"aligncenter size-large wp-image-508\" title=\"Ali Yaslam Suydan\" src=\"\/unicef\/wp-content\/uploads\/sites\/24\/2017\/06\/UN018346_Med-Res-1024x682.jpg\" alt=\"\" width=\"1024\" height=\"682\" \/><\/a><\/p>\n<p>Por eso, UNICEF hace un <strong>llamamiento<\/strong> para que se d\u00e9 prioridad a las necesidades de la infancia en pa\u00edses afectados por conflictos, a trav\u00e9s de: un <strong>acceso incondicional a la ayuda humanitaria y suministros<\/strong>; una <strong>resoluci\u00f3n de las partes en conflicto<\/strong> que ponga fin inmediato a los ataques contra infraestructuras sanitarias, educativas y civiles y la <strong>financiaci\u00f3n urgente<\/strong> para los sectores de salud, nutrici\u00f3n, agua y saneamiento.<\/p>\n<p>UNICEF naci\u00f3 en 1946 con el fin de brindar soporte y ayuda a los ni\u00f1os\/as afectados por la II. Guerra Mundial. 71 a\u00f1os despu\u00e9s a\u00fan seguimos haciendo lo mismo. Son otros pa\u00edses, causas y personas afectadas. Pero la esencia es la misma: <strong>los conflictos amenazan la vida de millones de ni\u00f1as y ni\u00f1os.<\/strong><\/p>\n<p>&nbsp;<\/p>\n<!-- AddThis Advanced Settings generic via filter on the_content --><!-- AddThis Share Buttons generic via filter on the_content -->","protected":false},"excerpt":{"rendered":"<p>Cuando la sociedad, en general, se pregunta por las posibles soluciones a los problemas que afectan de manera directa a la infancia, ni los m\u00e1s optimistas pueden evitar cierto desasosiego al comprobar que, en el epicentro de todo, en la base de todo atentado contra los derechos de las ni\u00f1as y los ni\u00f1os, hallamos los [&hellip;]<!-- AddThis Advanced Settings generic via filter on get_the_excerpt --><!-- AddThis Share Buttons generic via filter on get_the_excerpt --><\/p>\n","protected":false},"author":44,"featured_media":0,"comment_status":"open","ping_status":"open","sticky":false,"template":"","format":"standard","meta":[],"categories":[2],"tags":[75,76,36,55],"_links":{"self":[{"href":"https:\/\/blogs.diariovasco.com\/unicef\/wp-json\/wp\/v2\/posts\/506"}],"collection":[{"href":"https:\/\/blogs.diariovasco.com\/unicef\/wp-json\/wp\/v2\/posts"}],"about":[{"href":"https:\/\/blogs.diariovasco.com\/unicef\/wp-json\/wp\/v2\/types\/post"}],"author":[{"embeddable":true,"href":"https:\/\/blogs.diariovasco.com\/unicef\/wp-json\/wp\/v2\/users\/44"}],"replies":[{"embeddable":true,"href":"https:\/\/blogs.diariovasco.com\/unicef\/wp-json\/wp\/v2\/comments?post=506"}],"version-history":[{"count":0,"href":"https:\/\/blogs.diariovasco.com\/unicef\/wp-json\/wp\/v2\/posts\/506\/revisions"}],"wp:attachment":[{"href":"https:\/\/blogs.diariovasco.com\/unicef\/wp-json\/wp\/v2\/media?parent=506"}],"wp:term":[{"taxonomy":"category","embeddable":true,"href":"https:\/\/blogs.diariovasco.com\/unicef\/wp-json\/wp\/v2\/categories?post=506"},{"taxonomy":"post_tag","embeddable":true,"href":"https:\/\/blogs.diariovasco.com\/unicef\/wp-json\/wp\/v2\/tags?post=506"}],"curies":[{"name":"wp","href":"https:\/\/api.w.org\/{rel}","templated":true}]}}