{"id":1136,"date":"2012-06-14T11:58:09","date_gmt":"2012-06-14T10:58:09","guid":{"rendered":"http:\/\/blogs.diariovasco.com\/version0puntocero\/?p=1136"},"modified":"2012-06-14T11:58:09","modified_gmt":"2012-06-14T10:58:09","slug":"el-peligro-del-movil-en-la-conduccion","status":"publish","type":"post","link":"https:\/\/blogs.diariovasco.com\/version0puntocero\/2012\/06\/14\/el-peligro-del-movil-en-la-conduccion\/","title":{"rendered":"El peligro del m\u00f3vil en la conducci\u00f3n"},"content":{"rendered":"<p>1.- El m\u00f3vil en el coche es un peligro. <a href=\"http:\/\/version-0-cero.diariovasco.com\/archivos\/movildistrae.wmv\" rel=\"external nofollow\">VER<\/a><\/p>\n<p>2.- \u00bfNos conocemos?. <a href=\"http:\/\/version-0-cero.diariovasco.com\/archivos\/nonosconocemos.wmv\" rel=\"external nofollow\">VER<\/a><\/p>\n<p>3.- La broma de las chancletas. <a href=\"http:\/\/version-0-cero.diariovasco.com\/archivos\/sandalias.wmv\" rel=\"external nofollow\">VER<\/a><\/p>\n<p>4.- \u00bfC\u00f3mo lo hicieron? <a href=\"http:\/\/version-0-cero.diariovasco.com\/archivos\/comolohicieron.wmv\" rel=\"external nofollow\">VER<\/a><\/p>\n<p>5.- As\u00ed trabajan con el cemento en Africa. <a href=\"http:\/\/version-0-cero.diariovasco.com\/archivos\/cementoafrica.wmv\" rel=\"external nofollow\">VER<\/a><\/p>\n<!-- AddThis Advanced Settings generic via filter on the_content --><!-- AddThis Share Buttons generic via filter on the_content -->","protected":false},"excerpt":{"rendered":"<p>1.- El m\u00f3vil en el coche es un peligro. VER 2.- \u00bfNos conocemos?. VER 3.- La broma de las chancletas. VER 4.- \u00bfC\u00f3mo lo hicieron? VER 5.- As\u00ed trabajan con el cemento en Africa. VER<!-- AddThis Advanced Settings generic via filter on get_the_excerpt --><!-- AddThis Share Buttons generic via filter on get_the_excerpt --><\/p>\n","protected":false},"author":45,"featured_media":0,"comment_status":"open","ping_status":"closed","sticky":false,"template":"","format":"standard","meta":[],"categories":[3],"tags":[],"_links":{"self":[{"href":"https:\/\/blogs.diariovasco.com\/version0puntocero\/wp-json\/wp\/v2\/posts\/1136"}],"collection":[{"href":"https:\/\/blogs.diariovasco.com\/version0puntocero\/wp-json\/wp\/v2\/posts"}],"about":[{"href":"https:\/\/blogs.diariovasco.com\/version0puntocero\/wp-json\/wp\/v2\/types\/post"}],"author":[{"embeddable":true,"href":"https:\/\/blogs.diariovasco.com\/version0puntocero\/wp-json\/wp\/v2\/users\/45"}],"replies":[{"embeddable":true,"href":"https:\/\/blogs.diariovasco.com\/version0puntocero\/wp-json\/wp\/v2\/comments?post=1136"}],"version-history":[{"count":0,"href":"https:\/\/blogs.diariovasco.com\/version0puntocero\/wp-json\/wp\/v2\/posts\/1136\/revisions"}],"wp:attachment":[{"href":"https:\/\/blogs.diariovasco.com\/version0puntocero\/wp-json\/wp\/v2\/media?parent=1136"}],"wp:term":[{"taxonomy":"category","embeddable":true,"href":"https:\/\/blogs.diariovasco.com\/version0puntocero\/wp-json\/wp\/v2\/categories?post=1136"},{"taxonomy":"post_tag","embeddable":true,"href":"https:\/\/blogs.diariovasco.com\/version0puntocero\/wp-json\/wp\/v2\/tags?post=1136"}],"curies":[{"name":"wp","href":"https:\/\/api.w.org\/{rel}","templated":true}]}}